{"id":10820,"date":"2017-11-27T14:57:11","date_gmt":"2017-11-27T13:57:11","guid":{"rendered":"https:\/\/clinicadentalbadalona.com\/?p=10820"},"modified":"2017-11-27T14:57:11","modified_gmt":"2017-11-27T13:57:11","slug":"quan-hem-portar-els-nostres-fill-per-primera-vegada-al-dentista","status":"publish","type":"post","link":"https:\/\/clinicadentalbadalona.com\/ca\/quan-hem-portar-els-nostres-fill-per-primera-vegada-al-dentista\/","title":{"rendered":"Quan hem de portar els nostres fill per primera vegada al dentista?"},"content":{"rendered":"<p>Moltes vegades, per desconeixement del tema, hi ha pares que pensen que com que les dents de llet han de caure no cal tractar-les per\u00f2 aix\u00f2 \u00e9s un gran error. Cal portar un control del bon desenvolupament de la cavitat oral del nen en molts aspectes encara que no hi hagi dolor o alteracions visibles. D\u2019aquesta manera es podr\u00e0 prevenir el fet de que les dents definitives puguin patir problemes fins i tot abans de sortir.<\/p>\n<p>Per exemple, l\u2019aparici\u00f3 de caries en dents de llet \u00e9s cada cop m\u00e9s freq\u00fcent degut a l\u2019augment dels \u00a0sucres afegits que es troben en una gran part d\u2019aliments \u00a0destinats al consum infantil ( sucs de fruita el\u00b7laborats, refrescos, iogurths beguts, galetes, cereals, pastisseria industrial ,\u2026). El nervi de les dents de llet est\u00e0 situat m\u00e9s superficialment de manera que la c\u00e0ries l\u2019afecta amb m\u00e9s facilitat que a una dent definitiva. En aquests casos caldr\u00e0 fer una pulpotomia amb reconstrucci\u00f3 de la dent per\u00f2 a vegades ja no hi som a temps i cal fer l extracci\u00f3 de la dent de llet.<\/p>\n<p>Per tant les revisions peri\u00f2diques dels nostres fills s\u00f3n molt importants des d\u2019 edats ben tempranes.Obligat\u00f2riament desde els 6 anys que \u00e9s quan surt el primer queixal definitiu . A part de les caries tamb\u00e9 es revisaran altres aspectes importants a tenir en compte com els h\u00e0bits d\u2019higiene, la oclusi\u00f3 de les dents, etc\u2026<\/p>\n<p>Autora: M\u00f2nica Navarro<\/p>\n<p>Higienista dental<\/p>\n","protected":false},"excerpt":{"rendered":"<p>Moltes vegades, per desconeixement del tema, hi ha pares que pensen que com que les dents de llet han de caure no cal tractar-les per\u00f2 aix\u00f2 \u00e9s un gran error. Cal portar un control del bon desenvolupament de la cavitat oral del nen en molts aspectes encara que no hi&#8230;<\/p>\n","protected":false},"author":9,"featured_media":9057,"comment_status":"open","ping_status":"open","sticky":false,"template":"","format":"standard","meta":{"_joinchat":[],"footnotes":""},"categories":[12,10],"tags":[20,19],"class_list":["post-10820","post","type-post","status-publish","format-standard","has-post-thumbnail","hentry","category-consells-de-salut-dental","category-noticies","tag-dentista","tag-fill"],"yoast_head":"<!-- This site is optimized with the Yoast SEO plugin v26.8 - https:\/\/yoast.com\/product\/yoast-seo-wordpress\/ -->\n<title>Quan hem de portar els nostres fill per primera vegada al dentista? - Ull Dent | Cl\u00ednica dental y medicina est\u00e9tica Badalona<\/title>\n<meta name=\"robots\" content=\"index, follow, max-snippet:-1, max-image-preview:large, max-video-preview:-1\" \/>\n<link rel=\"canonical\" href=\"https:\/\/clinicadentalbadalona.com\/ca\/quan-hem-portar-els-nostres-fill-per-primera-vegada-al-dentista\/\" \/>\n<meta property=\"og:locale\" content=\"ca_ES\" \/>\n<meta property=\"og:type\" content=\"article\" \/>\n<meta property=\"og:title\" content=\"Quan hem de portar els nostres fill per primera vegada al dentista? - Ull Dent | Cl\u00ednica dental y medicina est\u00e9tica Badalona\" \/>\n<meta property=\"og:description\" content=\"Moltes vegades, per desconeixement del tema, hi ha pares que pensen que com que les dents de llet han de caure no cal tractar-les per\u00f2 aix\u00f2 \u00e9s un gran error. Cal portar un control del bon desenvolupament de la cavitat oral del nen en molts aspectes encara que no hi...\" \/>\n<meta property=\"og:url\" content=\"https:\/\/clinicadentalbadalona.com\/ca\/quan-hem-portar-els-nostres-fill-per-primera-vegada-al-dentista\/\" \/>\n<meta property=\"og:site_name\" content=\"Ull Dent | Cl\u00ednica dental y medicina est\u00e9tica Badalona\" \/>\n<meta property=\"article:published_time\" content=\"2017-11-27T13:57:11+00:00\" \/>\n<meta property=\"og:image\" content=\"https:\/\/clinicadentalbadalona.com\/wp-content\/uploads\/2015\/09\/odontopediatria_01.jpg\" \/>\n\t<meta property=\"og:image:width\" content=\"849\" \/>\n\t<meta property=\"og:image:height\" content=\"566\" \/>\n\t<meta property=\"og:image:type\" content=\"image\/jpeg\" \/>\n<meta name=\"author\" content=\"Einagr\u00e0fic\" \/>\n<meta name=\"twitter:card\" content=\"summary_large_image\" \/>\n<meta name=\"twitter:label1\" content=\"Escrit per\" \/>\n\t<meta name=\"twitter:data1\" content=\"Einagr\u00e0fic\" \/>\n\t<meta name=\"twitter:label2\" content=\"Temps estimat de lectura\" \/>\n\t<meta name=\"twitter:data2\" content=\"1 minut\" \/>\n<script type=\"application\/ld+json\" class=\"yoast-schema-graph\">{\"@context\":\"https:\/\/schema.org\",\"@graph\":[{\"@type\":\"Article\",\"@id\":\"https:\/\/clinicadentalbadalona.com\/ca\/quan-hem-portar-els-nostres-fill-per-primera-vegada-al-dentista\/#article\",\"isPartOf\":{\"@id\":\"https:\/\/clinicadentalbadalona.com\/ca\/quan-hem-portar-els-nostres-fill-per-primera-vegada-al-dentista\/\"},\"author\":{\"name\":\"Einagr\u00e0fic\",\"@id\":\"https:\/\/clinicadentalbadalona.com\/#\/schema\/person\/aa19e9382b430df51afefe7967cafb1a\"},\"headline\":\"Quan hem de portar els nostres fill per primera vegada al dentista?\",\"datePublished\":\"2017-11-27T13:57:11+00:00\",\"mainEntityOfPage\":{\"@id\":\"https:\/\/clinicadentalbadalona.com\/ca\/quan-hem-portar-els-nostres-fill-per-primera-vegada-al-dentista\/\"},\"wordCount\":262,\"commentCount\":0,\"publisher\":{\"@id\":\"https:\/\/clinicadentalbadalona.com\/#organization\"},\"image\":{\"@id\":\"https:\/\/clinicadentalbadalona.com\/ca\/quan-hem-portar-els-nostres-fill-per-primera-vegada-al-dentista\/#primaryimage\"},\"thumbnailUrl\":\"https:\/\/clinicadentalbadalona.com\/wp-content\/uploads\/2015\/09\/odontopediatria_01.jpg\",\"keywords\":[\"dentista\",\"fill\"],\"articleSection\":[\"Consells de salut dental\",\"Not\u00edcies\"],\"inLanguage\":\"ca\"},{\"@type\":\"WebPage\",\"@id\":\"https:\/\/clinicadentalbadalona.com\/ca\/quan-hem-portar-els-nostres-fill-per-primera-vegada-al-dentista\/\",\"url\":\"https:\/\/clinicadentalbadalona.com\/ca\/quan-hem-portar-els-nostres-fill-per-primera-vegada-al-dentista\/\",\"name\":\"Quan hem de portar els nostres fill per primera vegada al dentista? - Ull Dent | Cl\u00ednica dental y medicina est\u00e9tica Badalona\",\"isPartOf\":{\"@id\":\"https:\/\/clinicadentalbadalona.com\/#website\"},\"primaryImageOfPage\":{\"@id\":\"https:\/\/clinicadentalbadalona.com\/ca\/quan-hem-portar-els-nostres-fill-per-primera-vegada-al-dentista\/#primaryimage\"},\"image\":{\"@id\":\"https:\/\/clinicadentalbadalona.com\/ca\/quan-hem-portar-els-nostres-fill-per-primera-vegada-al-dentista\/#primaryimage\"},\"thumbnailUrl\":\"https:\/\/clinicadentalbadalona.com\/wp-content\/uploads\/2015\/09\/odontopediatria_01.jpg\",\"datePublished\":\"2017-11-27T13:57:11+00:00\",\"breadcrumb\":{\"@id\":\"https:\/\/clinicadentalbadalona.com\/ca\/quan-hem-portar-els-nostres-fill-per-primera-vegada-al-dentista\/#breadcrumb\"},\"inLanguage\":\"ca\",\"potentialAction\":[{\"@type\":\"ReadAction\",\"target\":[\"https:\/\/clinicadentalbadalona.com\/ca\/quan-hem-portar-els-nostres-fill-per-primera-vegada-al-dentista\/\"]}]},{\"@type\":\"ImageObject\",\"inLanguage\":\"ca\",\"@id\":\"https:\/\/clinicadentalbadalona.com\/ca\/quan-hem-portar-els-nostres-fill-per-primera-vegada-al-dentista\/#primaryimage\",\"url\":\"https:\/\/clinicadentalbadalona.com\/wp-content\/uploads\/2015\/09\/odontopediatria_01.jpg\",\"contentUrl\":\"https:\/\/clinicadentalbadalona.com\/wp-content\/uploads\/2015\/09\/odontopediatria_01.jpg\",\"width\":849,\"height\":566,\"caption\":\"dentista especialista nin\u0303os en Badalona\"},{\"@type\":\"BreadcrumbList\",\"@id\":\"https:\/\/clinicadentalbadalona.com\/ca\/quan-hem-portar-els-nostres-fill-per-primera-vegada-al-dentista\/#breadcrumb\",\"itemListElement\":[{\"@type\":\"ListItem\",\"position\":1,\"name\":\"Portada\",\"item\":\"https:\/\/clinicadentalbadalona.com\/ca\/\"},{\"@type\":\"ListItem\",\"position\":2,\"name\":\"Quan hem de portar els nostres fill per primera vegada al dentista?\"}]},{\"@type\":\"WebSite\",\"@id\":\"https:\/\/clinicadentalbadalona.com\/#website\",\"url\":\"https:\/\/clinicadentalbadalona.com\/\",\"name\":\"Ull Dent | Cl\u00ednica dental y medicina est\u00e9tica Badalona\",\"description\":\"Clinica Dental | Dentista Badalona - Implantes dentales Periodoncia avanzada Cirugia Oral Est\u00e9tica Dental Odontolog\u00eda preventiva\",\"publisher\":{\"@id\":\"https:\/\/clinicadentalbadalona.com\/#organization\"},\"potentialAction\":[{\"@type\":\"SearchAction\",\"target\":{\"@type\":\"EntryPoint\",\"urlTemplate\":\"https:\/\/clinicadentalbadalona.com\/?s={search_term_string}\"},\"query-input\":{\"@type\":\"PropertyValueSpecification\",\"valueRequired\":true,\"valueName\":\"search_term_string\"}}],\"inLanguage\":\"ca\"},{\"@type\":\"Organization\",\"@id\":\"https:\/\/clinicadentalbadalona.com\/#organization\",\"name\":\"Ull Dent | Cl\u00ednica dental y medicina est\u00e9tica Badalona\",\"url\":\"https:\/\/clinicadentalbadalona.com\/\",\"logo\":{\"@type\":\"ImageObject\",\"inLanguage\":\"ca\",\"@id\":\"https:\/\/clinicadentalbadalona.com\/#\/schema\/logo\/image\/\",\"url\":\"https:\/\/clinicadentalbadalona.com\/wp-content\/uploads\/2020\/11\/clinicaulldent_logo1color_lq.png\",\"contentUrl\":\"https:\/\/clinicadentalbadalona.com\/wp-content\/uploads\/2020\/11\/clinicaulldent_logo1color_lq.png\",\"width\":1182,\"height\":199,\"caption\":\"Ull Dent | Cl\u00ednica dental y medicina est\u00e9tica Badalona\"},\"image\":{\"@id\":\"https:\/\/clinicadentalbadalona.com\/#\/schema\/logo\/image\/\"}},{\"@type\":\"Person\",\"@id\":\"https:\/\/clinicadentalbadalona.com\/#\/schema\/person\/aa19e9382b430df51afefe7967cafb1a\",\"name\":\"Einagr\u00e0fic\",\"image\":{\"@type\":\"ImageObject\",\"inLanguage\":\"ca\",\"@id\":\"https:\/\/clinicadentalbadalona.com\/#\/schema\/person\/image\/\",\"url\":\"https:\/\/secure.gravatar.com\/avatar\/94b9f9b8db16172a5acea0cfcbb53bb3adc43b996729884fc3c54b4ed0938f36?s=96&d=mm&r=g\",\"contentUrl\":\"https:\/\/secure.gravatar.com\/avatar\/94b9f9b8db16172a5acea0cfcbb53bb3adc43b996729884fc3c54b4ed0938f36?s=96&d=mm&r=g\",\"caption\":\"Einagr\u00e0fic\"},\"url\":\"https:\/\/clinicadentalbadalona.com\/ca\/author\/einagrafic\/\"}]}<\/script>\n<!-- \/ Yoast SEO plugin. -->","yoast_head_json":{"title":"Quan hem de portar els nostres fill per primera vegada al dentista? - Ull Dent | Cl\u00ednica dental y medicina est\u00e9tica Badalona","robots":{"index":"index","follow":"follow","max-snippet":"max-snippet:-1","max-image-preview":"max-image-preview:large","max-video-preview":"max-video-preview:-1"},"canonical":"https:\/\/clinicadentalbadalona.com\/ca\/quan-hem-portar-els-nostres-fill-per-primera-vegada-al-dentista\/","og_locale":"ca_ES","og_type":"article","og_title":"Quan hem de portar els nostres fill per primera vegada al dentista? - Ull Dent | Cl\u00ednica dental y medicina est\u00e9tica Badalona","og_description":"Moltes vegades, per desconeixement del tema, hi ha pares que pensen que com que les dents de llet han de caure no cal tractar-les per\u00f2 aix\u00f2 \u00e9s un gran error. Cal portar un control del bon desenvolupament de la cavitat oral del nen en molts aspectes encara que no hi...","og_url":"https:\/\/clinicadentalbadalona.com\/ca\/quan-hem-portar-els-nostres-fill-per-primera-vegada-al-dentista\/","og_site_name":"Ull Dent | Cl\u00ednica dental y medicina est\u00e9tica Badalona","article_published_time":"2017-11-27T13:57:11+00:00","og_image":[{"width":849,"height":566,"url":"https:\/\/clinicadentalbadalona.com\/wp-content\/uploads\/2015\/09\/odontopediatria_01.jpg","type":"image\/jpeg"}],"author":"Einagr\u00e0fic","twitter_card":"summary_large_image","twitter_misc":{"Escrit per":"Einagr\u00e0fic","Temps estimat de lectura":"1 minut"},"schema":{"@context":"https:\/\/schema.org","@graph":[{"@type":"Article","@id":"https:\/\/clinicadentalbadalona.com\/ca\/quan-hem-portar-els-nostres-fill-per-primera-vegada-al-dentista\/#article","isPartOf":{"@id":"https:\/\/clinicadentalbadalona.com\/ca\/quan-hem-portar-els-nostres-fill-per-primera-vegada-al-dentista\/"},"author":{"name":"Einagr\u00e0fic","@id":"https:\/\/clinicadentalbadalona.com\/#\/schema\/person\/aa19e9382b430df51afefe7967cafb1a"},"headline":"Quan hem de portar els nostres fill per primera vegada al dentista?","datePublished":"2017-11-27T13:57:11+00:00","mainEntityOfPage":{"@id":"https:\/\/clinicadentalbadalona.com\/ca\/quan-hem-portar-els-nostres-fill-per-primera-vegada-al-dentista\/"},"wordCount":262,"commentCount":0,"publisher":{"@id":"https:\/\/clinicadentalbadalona.com\/#organization"},"image":{"@id":"https:\/\/clinicadentalbadalona.com\/ca\/quan-hem-portar-els-nostres-fill-per-primera-vegada-al-dentista\/#primaryimage"},"thumbnailUrl":"https:\/\/clinicadentalbadalona.com\/wp-content\/uploads\/2015\/09\/odontopediatria_01.jpg","keywords":["dentista","fill"],"articleSection":["Consells de salut dental","Not\u00edcies"],"inLanguage":"ca"},{"@type":"WebPage","@id":"https:\/\/clinicadentalbadalona.com\/ca\/quan-hem-portar-els-nostres-fill-per-primera-vegada-al-dentista\/","url":"https:\/\/clinicadentalbadalona.com\/ca\/quan-hem-portar-els-nostres-fill-per-primera-vegada-al-dentista\/","name":"Quan hem de portar els nostres fill per primera vegada al dentista? - Ull Dent | Cl\u00ednica dental y medicina est\u00e9tica Badalona","isPartOf":{"@id":"https:\/\/clinicadentalbadalona.com\/#website"},"primaryImageOfPage":{"@id":"https:\/\/clinicadentalbadalona.com\/ca\/quan-hem-portar-els-nostres-fill-per-primera-vegada-al-dentista\/#primaryimage"},"image":{"@id":"https:\/\/clinicadentalbadalona.com\/ca\/quan-hem-portar-els-nostres-fill-per-primera-vegada-al-dentista\/#primaryimage"},"thumbnailUrl":"https:\/\/clinicadentalbadalona.com\/wp-content\/uploads\/2015\/09\/odontopediatria_01.jpg","datePublished":"2017-11-27T13:57:11+00:00","breadcrumb":{"@id":"https:\/\/clinicadentalbadalona.com\/ca\/quan-hem-portar-els-nostres-fill-per-primera-vegada-al-dentista\/#breadcrumb"},"inLanguage":"ca","potentialAction":[{"@type":"ReadAction","target":["https:\/\/clinicadentalbadalona.com\/ca\/quan-hem-portar-els-nostres-fill-per-primera-vegada-al-dentista\/"]}]},{"@type":"ImageObject","inLanguage":"ca","@id":"https:\/\/clinicadentalbadalona.com\/ca\/quan-hem-portar-els-nostres-fill-per-primera-vegada-al-dentista\/#primaryimage","url":"https:\/\/clinicadentalbadalona.com\/wp-content\/uploads\/2015\/09\/odontopediatria_01.jpg","contentUrl":"https:\/\/clinicadentalbadalona.com\/wp-content\/uploads\/2015\/09\/odontopediatria_01.jpg","width":849,"height":566,"caption":"dentista especialista nin\u0303os en Badalona"},{"@type":"BreadcrumbList","@id":"https:\/\/clinicadentalbadalona.com\/ca\/quan-hem-portar-els-nostres-fill-per-primera-vegada-al-dentista\/#breadcrumb","itemListElement":[{"@type":"ListItem","position":1,"name":"Portada","item":"https:\/\/clinicadentalbadalona.com\/ca\/"},{"@type":"ListItem","position":2,"name":"Quan hem de portar els nostres fill per primera vegada al dentista?"}]},{"@type":"WebSite","@id":"https:\/\/clinicadentalbadalona.com\/#website","url":"https:\/\/clinicadentalbadalona.com\/","name":"Ull Dent | Cl\u00ednica dental y medicina est\u00e9tica Badalona","description":"Clinica Dental | Dentista Badalona - Implantes dentales Periodoncia avanzada Cirugia Oral Est\u00e9tica Dental Odontolog\u00eda preventiva","publisher":{"@id":"https:\/\/clinicadentalbadalona.com\/#organization"},"potentialAction":[{"@type":"SearchAction","target":{"@type":"EntryPoint","urlTemplate":"https:\/\/clinicadentalbadalona.com\/?s={search_term_string}"},"query-input":{"@type":"PropertyValueSpecification","valueRequired":true,"valueName":"search_term_string"}}],"inLanguage":"ca"},{"@type":"Organization","@id":"https:\/\/clinicadentalbadalona.com\/#organization","name":"Ull Dent | Cl\u00ednica dental y medicina est\u00e9tica Badalona","url":"https:\/\/clinicadentalbadalona.com\/","logo":{"@type":"ImageObject","inLanguage":"ca","@id":"https:\/\/clinicadentalbadalona.com\/#\/schema\/logo\/image\/","url":"https:\/\/clinicadentalbadalona.com\/wp-content\/uploads\/2020\/11\/clinicaulldent_logo1color_lq.png","contentUrl":"https:\/\/clinicadentalbadalona.com\/wp-content\/uploads\/2020\/11\/clinicaulldent_logo1color_lq.png","width":1182,"height":199,"caption":"Ull Dent | Cl\u00ednica dental y medicina est\u00e9tica Badalona"},"image":{"@id":"https:\/\/clinicadentalbadalona.com\/#\/schema\/logo\/image\/"}},{"@type":"Person","@id":"https:\/\/clinicadentalbadalona.com\/#\/schema\/person\/aa19e9382b430df51afefe7967cafb1a","name":"Einagr\u00e0fic","image":{"@type":"ImageObject","inLanguage":"ca","@id":"https:\/\/clinicadentalbadalona.com\/#\/schema\/person\/image\/","url":"https:\/\/secure.gravatar.com\/avatar\/94b9f9b8db16172a5acea0cfcbb53bb3adc43b996729884fc3c54b4ed0938f36?s=96&d=mm&r=g","contentUrl":"https:\/\/secure.gravatar.com\/avatar\/94b9f9b8db16172a5acea0cfcbb53bb3adc43b996729884fc3c54b4ed0938f36?s=96&d=mm&r=g","caption":"Einagr\u00e0fic"},"url":"https:\/\/clinicadentalbadalona.com\/ca\/author\/einagrafic\/"}]}},"_links":{"self":[{"href":"https:\/\/clinicadentalbadalona.com\/ca\/wp-json\/wp\/v2\/posts\/10820\/"}],"collection":[{"href":"https:\/\/clinicadentalbadalona.com\/ca\/wp-json\/wp\/v2\/posts\/"}],"about":[{"href":"https:\/\/clinicadentalbadalona.com\/ca\/wp-json\/wp\/v2\/types\/post\/"}],"author":[{"embeddable":true,"href":"https:\/\/clinicadentalbadalona.com\/ca\/wp-json\/wp\/v2\/users\/9\/"}],"replies":[{"embeddable":true,"href":"https:\/\/clinicadentalbadalona.com\/ca\/wp-json\/wp\/v2\/comments\/?post=10820"}],"version-history":[{"count":0,"href":"https:\/\/clinicadentalbadalona.com\/ca\/wp-json\/wp\/v2\/posts\/10820\/revisions\/"}],"wp:featuredmedia":[{"embeddable":true,"href":"https:\/\/clinicadentalbadalona.com\/ca\/wp-json\/wp\/v2\/media\/9057\/"}],"wp:attachment":[{"href":"https:\/\/clinicadentalbadalona.com\/ca\/wp-json\/wp\/v2\/media\/?parent=10820"}],"wp:term":[{"taxonomy":"category","embeddable":true,"href":"https:\/\/clinicadentalbadalona.com\/ca\/wp-json\/wp\/v2\/categories\/?post=10820"},{"taxonomy":"post_tag","embeddable":true,"href":"https:\/\/clinicadentalbadalona.com\/ca\/wp-json\/wp\/v2\/tags\/?post=10820"}],"curies":[{"name":"wp","href":"https:\/\/api.w.org\/{rel}","templated":true}]}}