{"id":11175,"date":"2019-03-31T21:20:17","date_gmt":"2019-03-31T19:20:17","guid":{"rendered":"https:\/\/clinicadentalbadalona.com\/?p=11175"},"modified":"2019-03-31T21:25:18","modified_gmt":"2019-03-31T19:25:18","slug":"concurso-san-jordi-badalona-2019","status":"publish","type":"post","link":"https:\/\/clinicadentalbadalona.com\/ca\/concurso-san-jordi-badalona-2019\/","title":{"rendered":"CONCURSO\u00a0 SANT JORDI\u00a0 BADALONA 2019"},"content":{"rendered":"<p><span style=\"font-size: 14pt;\">Queremos invitarte a este concurso para celebrar el d\u00eda de Sant Jordi 2019.<\/span><\/p>\n<p><span style=\"font-size: 14pt;\">Nos encanta trabajar con las manos, nos encanta el arte, por eso queremos potenciar las aptitudes art\u00edsticas de nuestros pacientes m\u00e1s j\u00f3venes invit\u00e1ndolos a participar en este concurso llamado \u201cDibuja a Sant Jordi\u201d.<\/span><\/p>\n<h2><span style=\"font-size: 14pt;\">&#x2705; \u00bfC\u00f3mo participo en el Concurso de Sant Jordi 2019 Badalona?<\/span><\/h2>\n<p><span style=\"font-size: 14pt;\">Deber\u00e1s seguir los siguientes pasos.<\/span><\/p>\n<p><span style=\"font-size: 14pt;\">Haz un dibujo sobre Sant Jordi.<\/span><\/p>\n<p><span style=\"font-size: 14pt;\">Puedes traerlo hecho de casa o hacerlo directamente en la cl\u00ednica.<\/span><\/p>\n<p><span style=\"font-size: 14pt;\">Tambi\u00e9n puedes subirlo en las redes sociales mencion\u00e1ndonos y etiquet\u00e1ndonos, tambi\u00e9n puedes usar el #SantJordiUllDent<\/span><\/p>\n<p><span style=\"font-size: 14pt;\">Puedes participar por Facebook e Instagram.<\/span><\/p>\n<p><span style=\"font-size: 14pt;\">El d\u00eda 23 de abril el equipo de Ull Dent har\u00e1 de jurado y votar\u00e1 el mejor dibujo.<\/span><\/p>\n<h2><span style=\"font-size: 14pt;\">&#x2705; \u00bfCu\u00e1l es el premio del concurso?<\/span><\/h2>\n<p><span style=\"font-size: 14pt;\">El ganador se llevar\u00e1 una caja de 32 l\u00e1pices de colores, la cu\u00e1l contiene: 18 l\u00e1pices de color al agua, 12 l\u00e1pices de color met\u00e1licos, 4 l\u00e1pices de grafito, sacapuntas, pinceles y un bloc de dibujo para seguir practicando tus dotes art\u00edsticos.<\/span><\/p>\n<h2><span style=\"font-size: 14pt;\">&#x2705; Otros detalles<\/span><\/h2>\n<p><span style=\"font-size: 14pt;\">&#x1f4cc; <strong>Fecha:<\/strong><\/span><\/p>\n<p><span style=\"font-size: 14pt;\">El plazo de presentaci\u00f3n de los dibujos se inicia el<span class=\"Apple-converted-space\">\u00a0 <\/span>lunes 1 de abril de 2019 y finaliza el d\u00eda 23 de abril de 2019.<\/span><\/p>\n<p><span style=\"font-size: 14pt;\">&#x1f4cc; <strong>Participantes:<\/strong><\/span><\/p>\n<p><span style=\"font-size: 14pt;\">Si bien est\u00e1 enfocado a ni\u00f1os, no se excluyen participantes de ninguna edad. Todos pueden participar.<\/span><\/p>\n<p><span style=\"font-size: 14pt;\">&#x1f4cc; <strong>Contacto:<\/strong><\/span><\/p>\n<p><span style=\"font-size: 14pt;\">Los dibujos presentados en la cl\u00ednica deber\u00e1n tener nombre, apellido y tel\u00e9fono para poder contactar. Y los que participen en las redes sociales ya nos quedamos con el nombre de usuario para contactar en caso de ser ganadores.<\/span><\/p>\n<p><span style=\"font-size: 14pt;\">&#x1f4cc; <strong>Comunicaci\u00f3n del premio:<\/strong><\/span><\/p>\n<p><span style=\"font-size: 14pt;\">A lo largo de la \u00faltima semana de abril nos pondremos en contacto con el ganador y comunicaremos su nombre en nuestras redes sociales y p\u00e1gina web.<\/span><\/p>\n<p><img fetchpriority=\"high\" decoding=\"async\" class=\" wp-image-11176 aligncenter\" src=\"https:\/\/clinicadentalbadalona.com\/wp-content\/uploads\/2019\/03\/CONCURSO-SANT-JORDI-BADALONA-2019-212x300.jpg\" alt=\"\" width=\"230\" height=\"325\" srcset=\"https:\/\/clinicadentalbadalona.com\/wp-content\/uploads\/2019\/03\/CONCURSO-SANT-JORDI-BADALONA-2019-212x300.jpg 212w, https:\/\/clinicadentalbadalona.com\/wp-content\/uploads\/2019\/03\/CONCURSO-SANT-JORDI-BADALONA-2019.jpg 1448w\" sizes=\"(max-width: 230px) 100vw, 230px\" \/><\/p>\n<p>&nbsp;<\/p>\n<p><span style=\"font-size: 14pt;\">&#x2705; En caso de que desee obtener m\u00e1s informaci\u00f3n podr\u00e1 ponerse en contacto con nosotros llamando al siguiente numero de tel\u00e9fono 93 395 53 85\u00a0o mandando un email a\u00a0info@ulldent.es<\/span><\/p>\n<p><img decoding=\"async\" class=\"size-medium wp-image-11177 aligncenter lazyload\" data-src=\"https:\/\/clinicadentalbadalona.com\/wp-content\/uploads\/2019\/03\/CONCURSO-SANT-JORDI-BADALONA-2019-300x131.png\" alt=\"CONCURSO\u00a0 SANT JORDI\u00a0 BADALONA 2019.png\" width=\"300\" height=\"131\" data-srcset=\"https:\/\/clinicadentalbadalona.com\/wp-content\/uploads\/2019\/03\/CONCURSO-SANT-JORDI-BADALONA-2019-300x131.png 300w, https:\/\/clinicadentalbadalona.com\/wp-content\/uploads\/2019\/03\/CONCURSO-SANT-JORDI-BADALONA-2019.png 2048w\" data-sizes=\"(max-width: 300px) 100vw, 300px\" src=\"data:image\/svg+xml;base64,PHN2ZyB3aWR0aD0iMSIgaGVpZ2h0PSIxIiB4bWxucz0iaHR0cDovL3d3dy53My5vcmcvMjAwMC9zdmciPjwvc3ZnPg==\" style=\"--smush-placeholder-width: 300px; --smush-placeholder-aspect-ratio: 300\/131;\" \/><\/p>\n","protected":false},"excerpt":{"rendered":"<p>Queremos invitarte a este concurso para celebrar el d\u00eda de Sant Jordi 2019. Nos encanta trabajar con las manos, nos encanta el arte, por eso queremos potenciar las aptitudes art\u00edsticas de nuestros pacientes m\u00e1s j\u00f3venes invit\u00e1ndolos a participar en este concurso llamado \u201cDibuja a Sant Jordi\u201d. &#x2705; \u00bfC\u00f3mo participo en&#8230;<\/p>\n","protected":false},"author":8,"featured_media":0,"comment_status":"open","ping_status":"open","sticky":false,"template":"","format":"standard","meta":{"_joinchat":[],"footnotes":""},"categories":[10],"tags":[],"class_list":["post-11175","post","type-post","status-publish","format-standard","hentry","category-noticies"],"yoast_head":"<!-- This site is optimized with the Yoast SEO plugin v26.8 - https:\/\/yoast.com\/product\/yoast-seo-wordpress\/ -->\n<title>CONCURSO\u00a0 SANT JORDI\u00a0 BADALONA 2019 - Ull Dent | Cl\u00ednica dental y medicina est\u00e9tica Badalona<\/title>\n<meta name=\"description\" content=\"\u2705 Concurso &quot;Dibuja a Sant Jordi&quot; 2019 en Ull Dent, tu cl\u00ednica dental de confianza. Queremos premiar tu dibujo. \u00a1Participa!\" \/>\n<meta name=\"robots\" content=\"index, follow, max-snippet:-1, max-image-preview:large, max-video-preview:-1\" \/>\n<link rel=\"canonical\" href=\"https:\/\/clinicadentalbadalona.com\/ca\/concurso-san-jordi-badalona-2019\/\" \/>\n<meta property=\"og:locale\" content=\"ca_ES\" \/>\n<meta property=\"og:type\" content=\"article\" \/>\n<meta property=\"og:title\" content=\"CONCURSO\u00a0 SANT JORDI\u00a0 BADALONA 2019 - Ull Dent | Cl\u00ednica dental y medicina est\u00e9tica Badalona\" \/>\n<meta property=\"og:description\" content=\"\u2705 Concurso &quot;Dibuja a Sant Jordi&quot; 2019 en Ull Dent, tu cl\u00ednica dental de confianza. Queremos premiar tu dibujo. \u00a1Participa!\" \/>\n<meta property=\"og:url\" content=\"https:\/\/clinicadentalbadalona.com\/concurso-san-jordi-badalona-2019\/\" \/>\n<meta property=\"og:site_name\" content=\"Ull Dent | Cl\u00ednica dental y medicina est\u00e9tica Badalona\" \/>\n<meta property=\"article:published_time\" content=\"2019-03-31T19:20:17+00:00\" \/>\n<meta property=\"article:modified_time\" content=\"2019-03-31T19:25:18+00:00\" \/>\n<meta property=\"og:image\" content=\"https:\/\/clinicadentalbadalona.com\/wp-content\/uploads\/2019\/03\/CONCURSO-SANT-JORDI-BADALONA-2019-212x300.jpg\" \/>\n<meta name=\"author\" content=\"Marianela\" \/>\n<meta name=\"twitter:card\" content=\"summary_large_image\" \/>\n<meta name=\"twitter:label1\" content=\"Escrit per\" \/>\n\t<meta name=\"twitter:data1\" content=\"Marianela\" \/>\n\t<meta name=\"twitter:label2\" content=\"Temps estimat de lectura\" \/>\n\t<meta name=\"twitter:data2\" content=\"2 minuts\" \/>\n<script type=\"application\/ld+json\" class=\"yoast-schema-graph\">{\"@context\":\"https:\/\/schema.org\",\"@graph\":[{\"@type\":\"Article\",\"@id\":\"https:\/\/clinicadentalbadalona.com\/concurso-san-jordi-badalona-2019\/#article\",\"isPartOf\":{\"@id\":\"https:\/\/clinicadentalbadalona.com\/concurso-san-jordi-badalona-2019\/\"},\"author\":{\"name\":\"Marianela\",\"@id\":\"https:\/\/clinicadentalbadalona.com\/#\/schema\/person\/0fe6577b7989fc26900f706209ae624d\"},\"headline\":\"CONCURSO\u00a0 SANT JORDI\u00a0 BADALONA 2019\",\"datePublished\":\"2019-03-31T19:20:17+00:00\",\"dateModified\":\"2019-03-31T19:25:18+00:00\",\"mainEntityOfPage\":{\"@id\":\"https:\/\/clinicadentalbadalona.com\/concurso-san-jordi-badalona-2019\/\"},\"wordCount\":349,\"commentCount\":0,\"publisher\":{\"@id\":\"https:\/\/clinicadentalbadalona.com\/#organization\"},\"image\":{\"@id\":\"https:\/\/clinicadentalbadalona.com\/concurso-san-jordi-badalona-2019\/#primaryimage\"},\"thumbnailUrl\":\"https:\/\/clinicadentalbadalona.com\/wp-content\/uploads\/2019\/03\/CONCURSO-SANT-JORDI-BADALONA-2019-212x300.jpg\",\"articleSection\":[\"Not\u00edcies\"],\"inLanguage\":\"ca\"},{\"@type\":\"WebPage\",\"@id\":\"https:\/\/clinicadentalbadalona.com\/concurso-san-jordi-badalona-2019\/\",\"url\":\"https:\/\/clinicadentalbadalona.com\/concurso-san-jordi-badalona-2019\/\",\"name\":\"CONCURSO\u00a0 SANT JORDI\u00a0 BADALONA 2019 - Ull Dent | Cl\u00ednica dental y medicina est\u00e9tica Badalona\",\"isPartOf\":{\"@id\":\"https:\/\/clinicadentalbadalona.com\/#website\"},\"primaryImageOfPage\":{\"@id\":\"https:\/\/clinicadentalbadalona.com\/concurso-san-jordi-badalona-2019\/#primaryimage\"},\"image\":{\"@id\":\"https:\/\/clinicadentalbadalona.com\/concurso-san-jordi-badalona-2019\/#primaryimage\"},\"thumbnailUrl\":\"https:\/\/clinicadentalbadalona.com\/wp-content\/uploads\/2019\/03\/CONCURSO-SANT-JORDI-BADALONA-2019-212x300.jpg\",\"datePublished\":\"2019-03-31T19:20:17+00:00\",\"dateModified\":\"2019-03-31T19:25:18+00:00\",\"description\":\"\u2705 Concurso \\\"Dibuja a Sant Jordi\\\" 2019 en Ull Dent, tu cl\u00ednica dental de confianza. Queremos premiar tu dibujo. \u00a1Participa!\",\"breadcrumb\":{\"@id\":\"https:\/\/clinicadentalbadalona.com\/concurso-san-jordi-badalona-2019\/#breadcrumb\"},\"inLanguage\":\"ca\",\"potentialAction\":[{\"@type\":\"ReadAction\",\"target\":[\"https:\/\/clinicadentalbadalona.com\/concurso-san-jordi-badalona-2019\/\"]}]},{\"@type\":\"ImageObject\",\"inLanguage\":\"ca\",\"@id\":\"https:\/\/clinicadentalbadalona.com\/concurso-san-jordi-badalona-2019\/#primaryimage\",\"url\":\"https:\/\/clinicadentalbadalona.com\/wp-content\/uploads\/2019\/03\/CONCURSO-SANT-JORDI-BADALONA-2019-212x300.jpg\",\"contentUrl\":\"https:\/\/clinicadentalbadalona.com\/wp-content\/uploads\/2019\/03\/CONCURSO-SANT-JORDI-BADALONA-2019-212x300.jpg\"},{\"@type\":\"BreadcrumbList\",\"@id\":\"https:\/\/clinicadentalbadalona.com\/concurso-san-jordi-badalona-2019\/#breadcrumb\",\"itemListElement\":[{\"@type\":\"ListItem\",\"position\":1,\"name\":\"Portada\",\"item\":\"https:\/\/clinicadentalbadalona.com\/ca\/\"},{\"@type\":\"ListItem\",\"position\":2,\"name\":\"CONCURSO\u00a0 SANT JORDI\u00a0 BADALONA 2019\"}]},{\"@type\":\"WebSite\",\"@id\":\"https:\/\/clinicadentalbadalona.com\/#website\",\"url\":\"https:\/\/clinicadentalbadalona.com\/\",\"name\":\"Ull Dent | Cl\u00ednica dental y medicina est\u00e9tica Badalona\",\"description\":\"Clinica Dental | Dentista Badalona - Implantes dentales Periodoncia avanzada Cirugia Oral Est\u00e9tica Dental Odontolog\u00eda preventiva\",\"publisher\":{\"@id\":\"https:\/\/clinicadentalbadalona.com\/#organization\"},\"potentialAction\":[{\"@type\":\"SearchAction\",\"target\":{\"@type\":\"EntryPoint\",\"urlTemplate\":\"https:\/\/clinicadentalbadalona.com\/?s={search_term_string}\"},\"query-input\":{\"@type\":\"PropertyValueSpecification\",\"valueRequired\":true,\"valueName\":\"search_term_string\"}}],\"inLanguage\":\"ca\"},{\"@type\":\"Organization\",\"@id\":\"https:\/\/clinicadentalbadalona.com\/#organization\",\"name\":\"Ull Dent | Cl\u00ednica dental y medicina est\u00e9tica Badalona\",\"url\":\"https:\/\/clinicadentalbadalona.com\/\",\"logo\":{\"@type\":\"ImageObject\",\"inLanguage\":\"ca\",\"@id\":\"https:\/\/clinicadentalbadalona.com\/#\/schema\/logo\/image\/\",\"url\":\"https:\/\/clinicadentalbadalona.com\/wp-content\/uploads\/2020\/11\/clinicaulldent_logo1color_lq.png\",\"contentUrl\":\"https:\/\/clinicadentalbadalona.com\/wp-content\/uploads\/2020\/11\/clinicaulldent_logo1color_lq.png\",\"width\":1182,\"height\":199,\"caption\":\"Ull Dent | Cl\u00ednica dental y medicina est\u00e9tica Badalona\"},\"image\":{\"@id\":\"https:\/\/clinicadentalbadalona.com\/#\/schema\/logo\/image\/\"}},{\"@type\":\"Person\",\"@id\":\"https:\/\/clinicadentalbadalona.com\/#\/schema\/person\/0fe6577b7989fc26900f706209ae624d\",\"name\":\"Marianela\",\"image\":{\"@type\":\"ImageObject\",\"inLanguage\":\"ca\",\"@id\":\"https:\/\/clinicadentalbadalona.com\/#\/schema\/person\/image\/\",\"url\":\"https:\/\/secure.gravatar.com\/avatar\/1bc3c5940e1f1141f772f859a639aaa1b1e6f7fae05cc6d8a8dd6e5f2b6cf293?s=96&d=mm&r=g\",\"contentUrl\":\"https:\/\/secure.gravatar.com\/avatar\/1bc3c5940e1f1141f772f859a639aaa1b1e6f7fae05cc6d8a8dd6e5f2b6cf293?s=96&d=mm&r=g\",\"caption\":\"Marianela\"},\"url\":\"https:\/\/clinicadentalbadalona.com\/ca\/author\/marianela\/\"}]}<\/script>\n<!-- \/ Yoast SEO plugin. -->","yoast_head_json":{"title":"CONCURSO\u00a0 SANT JORDI\u00a0 BADALONA 2019 - Ull Dent | Cl\u00ednica dental y medicina est\u00e9tica Badalona","description":"\u2705 Concurso \"Dibuja a Sant Jordi\" 2019 en Ull Dent, tu cl\u00ednica dental de confianza. Queremos premiar tu dibujo. \u00a1Participa!","robots":{"index":"index","follow":"follow","max-snippet":"max-snippet:-1","max-image-preview":"max-image-preview:large","max-video-preview":"max-video-preview:-1"},"canonical":"https:\/\/clinicadentalbadalona.com\/ca\/concurso-san-jordi-badalona-2019\/","og_locale":"ca_ES","og_type":"article","og_title":"CONCURSO\u00a0 SANT JORDI\u00a0 BADALONA 2019 - Ull Dent | Cl\u00ednica dental y medicina est\u00e9tica Badalona","og_description":"\u2705 Concurso \"Dibuja a Sant Jordi\" 2019 en Ull Dent, tu cl\u00ednica dental de confianza. Queremos premiar tu dibujo. \u00a1Participa!","og_url":"https:\/\/clinicadentalbadalona.com\/concurso-san-jordi-badalona-2019\/","og_site_name":"Ull Dent | Cl\u00ednica dental y medicina est\u00e9tica Badalona","article_published_time":"2019-03-31T19:20:17+00:00","article_modified_time":"2019-03-31T19:25:18+00:00","og_image":[{"url":"https:\/\/clinicadentalbadalona.com\/wp-content\/uploads\/2019\/03\/CONCURSO-SANT-JORDI-BADALONA-2019-212x300.jpg","type":"","width":"","height":""}],"author":"Marianela","twitter_card":"summary_large_image","twitter_misc":{"Escrit per":"Marianela","Temps estimat de lectura":"2 minuts"},"schema":{"@context":"https:\/\/schema.org","@graph":[{"@type":"Article","@id":"https:\/\/clinicadentalbadalona.com\/concurso-san-jordi-badalona-2019\/#article","isPartOf":{"@id":"https:\/\/clinicadentalbadalona.com\/concurso-san-jordi-badalona-2019\/"},"author":{"name":"Marianela","@id":"https:\/\/clinicadentalbadalona.com\/#\/schema\/person\/0fe6577b7989fc26900f706209ae624d"},"headline":"CONCURSO\u00a0 SANT JORDI\u00a0 BADALONA 2019","datePublished":"2019-03-31T19:20:17+00:00","dateModified":"2019-03-31T19:25:18+00:00","mainEntityOfPage":{"@id":"https:\/\/clinicadentalbadalona.com\/concurso-san-jordi-badalona-2019\/"},"wordCount":349,"commentCount":0,"publisher":{"@id":"https:\/\/clinicadentalbadalona.com\/#organization"},"image":{"@id":"https:\/\/clinicadentalbadalona.com\/concurso-san-jordi-badalona-2019\/#primaryimage"},"thumbnailUrl":"https:\/\/clinicadentalbadalona.com\/wp-content\/uploads\/2019\/03\/CONCURSO-SANT-JORDI-BADALONA-2019-212x300.jpg","articleSection":["Not\u00edcies"],"inLanguage":"ca"},{"@type":"WebPage","@id":"https:\/\/clinicadentalbadalona.com\/concurso-san-jordi-badalona-2019\/","url":"https:\/\/clinicadentalbadalona.com\/concurso-san-jordi-badalona-2019\/","name":"CONCURSO\u00a0 SANT JORDI\u00a0 BADALONA 2019 - Ull Dent | Cl\u00ednica dental y medicina est\u00e9tica Badalona","isPartOf":{"@id":"https:\/\/clinicadentalbadalona.com\/#website"},"primaryImageOfPage":{"@id":"https:\/\/clinicadentalbadalona.com\/concurso-san-jordi-badalona-2019\/#primaryimage"},"image":{"@id":"https:\/\/clinicadentalbadalona.com\/concurso-san-jordi-badalona-2019\/#primaryimage"},"thumbnailUrl":"https:\/\/clinicadentalbadalona.com\/wp-content\/uploads\/2019\/03\/CONCURSO-SANT-JORDI-BADALONA-2019-212x300.jpg","datePublished":"2019-03-31T19:20:17+00:00","dateModified":"2019-03-31T19:25:18+00:00","description":"\u2705 Concurso \"Dibuja a Sant Jordi\" 2019 en Ull Dent, tu cl\u00ednica dental de confianza. Queremos premiar tu dibujo. \u00a1Participa!","breadcrumb":{"@id":"https:\/\/clinicadentalbadalona.com\/concurso-san-jordi-badalona-2019\/#breadcrumb"},"inLanguage":"ca","potentialAction":[{"@type":"ReadAction","target":["https:\/\/clinicadentalbadalona.com\/concurso-san-jordi-badalona-2019\/"]}]},{"@type":"ImageObject","inLanguage":"ca","@id":"https:\/\/clinicadentalbadalona.com\/concurso-san-jordi-badalona-2019\/#primaryimage","url":"https:\/\/clinicadentalbadalona.com\/wp-content\/uploads\/2019\/03\/CONCURSO-SANT-JORDI-BADALONA-2019-212x300.jpg","contentUrl":"https:\/\/clinicadentalbadalona.com\/wp-content\/uploads\/2019\/03\/CONCURSO-SANT-JORDI-BADALONA-2019-212x300.jpg"},{"@type":"BreadcrumbList","@id":"https:\/\/clinicadentalbadalona.com\/concurso-san-jordi-badalona-2019\/#breadcrumb","itemListElement":[{"@type":"ListItem","position":1,"name":"Portada","item":"https:\/\/clinicadentalbadalona.com\/ca\/"},{"@type":"ListItem","position":2,"name":"CONCURSO\u00a0 SANT JORDI\u00a0 BADALONA 2019"}]},{"@type":"WebSite","@id":"https:\/\/clinicadentalbadalona.com\/#website","url":"https:\/\/clinicadentalbadalona.com\/","name":"Ull Dent | Cl\u00ednica dental y medicina est\u00e9tica Badalona","description":"Clinica Dental | Dentista Badalona - Implantes dentales Periodoncia avanzada Cirugia Oral Est\u00e9tica Dental Odontolog\u00eda preventiva","publisher":{"@id":"https:\/\/clinicadentalbadalona.com\/#organization"},"potentialAction":[{"@type":"SearchAction","target":{"@type":"EntryPoint","urlTemplate":"https:\/\/clinicadentalbadalona.com\/?s={search_term_string}"},"query-input":{"@type":"PropertyValueSpecification","valueRequired":true,"valueName":"search_term_string"}}],"inLanguage":"ca"},{"@type":"Organization","@id":"https:\/\/clinicadentalbadalona.com\/#organization","name":"Ull Dent | Cl\u00ednica dental y medicina est\u00e9tica Badalona","url":"https:\/\/clinicadentalbadalona.com\/","logo":{"@type":"ImageObject","inLanguage":"ca","@id":"https:\/\/clinicadentalbadalona.com\/#\/schema\/logo\/image\/","url":"https:\/\/clinicadentalbadalona.com\/wp-content\/uploads\/2020\/11\/clinicaulldent_logo1color_lq.png","contentUrl":"https:\/\/clinicadentalbadalona.com\/wp-content\/uploads\/2020\/11\/clinicaulldent_logo1color_lq.png","width":1182,"height":199,"caption":"Ull Dent | Cl\u00ednica dental y medicina est\u00e9tica Badalona"},"image":{"@id":"https:\/\/clinicadentalbadalona.com\/#\/schema\/logo\/image\/"}},{"@type":"Person","@id":"https:\/\/clinicadentalbadalona.com\/#\/schema\/person\/0fe6577b7989fc26900f706209ae624d","name":"Marianela","image":{"@type":"ImageObject","inLanguage":"ca","@id":"https:\/\/clinicadentalbadalona.com\/#\/schema\/person\/image\/","url":"https:\/\/secure.gravatar.com\/avatar\/1bc3c5940e1f1141f772f859a639aaa1b1e6f7fae05cc6d8a8dd6e5f2b6cf293?s=96&d=mm&r=g","contentUrl":"https:\/\/secure.gravatar.com\/avatar\/1bc3c5940e1f1141f772f859a639aaa1b1e6f7fae05cc6d8a8dd6e5f2b6cf293?s=96&d=mm&r=g","caption":"Marianela"},"url":"https:\/\/clinicadentalbadalona.com\/ca\/author\/marianela\/"}]}},"_links":{"self":[{"href":"https:\/\/clinicadentalbadalona.com\/ca\/wp-json\/wp\/v2\/posts\/11175\/"}],"collection":[{"href":"https:\/\/clinicadentalbadalona.com\/ca\/wp-json\/wp\/v2\/posts\/"}],"about":[{"href":"https:\/\/clinicadentalbadalona.com\/ca\/wp-json\/wp\/v2\/types\/post\/"}],"author":[{"embeddable":true,"href":"https:\/\/clinicadentalbadalona.com\/ca\/wp-json\/wp\/v2\/users\/8\/"}],"replies":[{"embeddable":true,"href":"https:\/\/clinicadentalbadalona.com\/ca\/wp-json\/wp\/v2\/comments\/?post=11175"}],"version-history":[{"count":0,"href":"https:\/\/clinicadentalbadalona.com\/ca\/wp-json\/wp\/v2\/posts\/11175\/revisions\/"}],"wp:attachment":[{"href":"https:\/\/clinicadentalbadalona.com\/ca\/wp-json\/wp\/v2\/media\/?parent=11175"}],"wp:term":[{"taxonomy":"category","embeddable":true,"href":"https:\/\/clinicadentalbadalona.com\/ca\/wp-json\/wp\/v2\/categories\/?post=11175"},{"taxonomy":"post_tag","embeddable":true,"href":"https:\/\/clinicadentalbadalona.com\/ca\/wp-json\/wp\/v2\/tags\/?post=11175"}],"curies":[{"name":"wp","href":"https:\/\/api.w.org\/{rel}","templated":true}]}}