{"id":11181,"date":"2019-04-15T12:28:27","date_gmt":"2019-04-15T10:28:27","guid":{"rendered":"https:\/\/clinicadentalbadalona.com\/?p=11181"},"modified":"2019-04-15T12:39:04","modified_gmt":"2019-04-15T10:39:04","slug":"ortodoncia-invisible-badalona-experiencia-opiniones","status":"publish","type":"post","link":"https:\/\/clinicadentalbadalona.com\/ca\/ortodoncia-invisible-badalona-experiencia-opiniones\/","title":{"rendered":"Ortodoncia Invisible en Badalona: Experiencia Invisalign"},"content":{"rendered":"<p><span style=\"font-size: 14pt;\">\u00a1Hemos invitado a una paciente a que nos cuente su tratamiento de<a href=\"https:\/\/clinicadentalbadalona.com\/ortodoncia-invisible-invisalign-badalona\/\"> Ortodoncia Invisible Invisalign<\/a>!\u00a0<\/span><\/p>\n<p><span style=\"font-size: 14pt;\">Apostamos por los testimonios de nuestros pacientes, nadie te va a contar mejor sobre nosotros, nuestra cl\u00ednica y los tratamientos que los propios pacientes, por eso hemos invitado a Marianela para que nos vaya contando<strong> su experiencia con Invisalign<\/strong> para que puedas conocer este tratamiento a fondo.<\/span><\/p>\n<p><span style=\"font-size: 14pt;\">Ahora s\u00ed, la dejamos a ella\u2026<\/span><\/p>\n<h2><span style=\"font-size: 14pt;\"><b>Mi experiencia con Invisalign<\/b><\/span><\/h2>\n<p><span style=\"font-size: 14pt;\">\u00a1Hola, que ganas ten\u00eda de contarte todo sobre mi tratamiento de Invisalign!<\/span><\/p>\n<p><span style=\"font-size: 14pt;\">Antes de empezar, d\u00e9jame contarte que tengo 35 a\u00f1os, soy madre de dos ni\u00f1os y soy freelance, trabajo por mi cuenta, desde casa, me encanta llevar un estilo de vida saludable, verme pero sobre todo sentirme bien.<\/span><\/p>\n<blockquote><p><strong><span style=\"font-size: 14pt;\">Nunca tuve una sonrisa perfecta, algunos defectos en mis dientes me han acompa\u00f1ado desde hace a\u00f1os, y la verdad es que no les daba importancia porque pensaba que no se ve\u00edan al hablar o sonre\u00edr.<\/span><\/strong><\/p><\/blockquote>\n<p><span style=\"font-size: 14pt;\">Es curioso, pero d\u00e9jame contarte c\u00f3mo descubr\u00ed que mis dientes y sus defectos quedaban totalmente a la vista al hablar, lejos de lo que yo cre\u00eda, es que no nos vemos cuando hablamos y no sabemos qu\u00e9 imagen reflejamos.<\/span><\/p>\n<p><span style=\"font-size: 14pt;\">Cuando comienzo a grabarme en Historias de Instagram y para mi canal de YouTube, (dos plataformas en las que trabajo mi Marca Personal) me d\u00ed cuenta de mis defectos, y quise ponerles remedio.<\/span><\/p>\n<p>&nbsp;<\/p>\n<h2><span style=\"font-size: 14pt;\"><b>La mejor cl\u00ednica dental de Badalona<\/b><\/span><\/h2>\n<p><span style=\"font-size: 14pt;\">Lo primero que supe es que quer\u00eda<em><strong> la mejor cl\u00ednica dental en Badalona<\/strong><\/em> para mi tratamiento.<\/span><\/p>\n<p><span style=\"font-size: 14pt;\">Enseguida me puse a buscar en Google cl\u00ednicas dentales, es dif\u00edcil encontrar cl\u00ednicas serias y con profesionales, adem\u00e1s cuando sabes que el tratamiento es largo y con un alto costo econ\u00f3mico.<\/span><\/p>\n<p><span style=\"font-size: 14pt;\">Ull Dent, fue la cl\u00ednica que reun\u00eda todos los requisitos que buscaba:<\/span><\/p>\n<ul>\n<li><span style=\"font-size: 14pt;\">Me la recomendaron m\u00e1s de cinco personas de confianza.<\/span><\/li>\n<li><span style=\"font-size: 14pt;\">Las rese\u00f1as que tiene te invitan a visitarlos.<img fetchpriority=\"high\" decoding=\"async\" class=\"size-medium wp-image-11183 alignright\" src=\"https:\/\/clinicadentalbadalona.com\/wp-content\/uploads\/2019\/04\/INVISALIGN-EXPERIENCIA-BADALONA-300x169.jpg\" alt=\"INVISALIGN EXPERIENCIA BADALONA\" width=\"300\" height=\"169\" srcset=\"https:\/\/clinicadentalbadalona.com\/wp-content\/uploads\/2019\/04\/INVISALIGN-EXPERIENCIA-BADALONA-300x169.jpg 300w, https:\/\/clinicadentalbadalona.com\/wp-content\/uploads\/2019\/04\/INVISALIGN-EXPERIENCIA-BADALONA.jpg 1280w\" sizes=\"(max-width: 300px) 100vw, 300px\" \/><\/span><\/li>\n<li><span style=\"font-size: 14pt;\">La trayectoria de m\u00e1s de 20 a\u00f1os en Badalona.<\/span><\/li>\n<li><span style=\"font-size: 14pt;\">El equipo cercano que te hace sentir como en casa.<\/span><\/li>\n<\/ul>\n<p><span style=\"font-size: 14pt;\">De esa manera escog\u00ed lo principal: la cl\u00ednica dental.<\/span><\/p>\n<p><span style=\"font-size: 14pt;\">Una vez consultado mi caso y comprobado que necesitaba ortodoncia y no <a href=\"https:\/\/clinicadentalbadalona.com\/carillas-dentales-en-badalona\/\">carillas dentales<\/a> por ejemplo, en la primera cita me explicaron los diferentes tipos de ortodoncia que existen, esta p\u00e1gina puedes encontrar m\u00e1s informaci\u00f3n:<a href=\"https:\/\/clinicadentalbadalona.com\/aparatos-de-ortodoncia-en-badalona\/\"> Tipos de Ortodoncia.<\/a><\/span><\/p>\n<p><strong><span style=\"font-size: 14pt; font-family: tahoma, arial, helvetica, sans-serif;\">Decid\u00ed que era candidata a Invisalign, por el gran beneficio est\u00e9tico y la comodidad de poder extraer los alineadores para comer y lavarme los dientes, entre otros.<\/span><\/strong><\/p>\n<h2><span style=\"font-size: 14pt;\"><b>Primeros pasos con Invisalign<\/b><\/span><\/h2>\n<p>&#x2705;\u00a0<span style=\"font-size: 14pt;\">ESTUDIO<\/span><\/p>\n<p><span style=\"font-size: 14pt;\">El primer paso consta de un estudio donde me tomaron fotograf\u00edas,<span class=\"Apple-converted-space\">\u00a0 <\/span>en la misma cl\u00ednica dental, fueron fotos faciales pero tambi\u00e9n dentro de la boca, todas en diferentes \u00e1ngulos.<\/span><\/p>\n<p><span style=\"font-size: 14pt;\">Tambi\u00e9n me hicieron una radiograf\u00eda.<\/span><\/p>\n<p><span style=\"font-size: 14pt;\">Aprovech\u00e9 para hacer muchas preguntas que la doctora respondi\u00f3 con mucha dedicaci\u00f3n y paciencia.<\/span><\/p>\n<p>&#x2705;\u00a0<span style=\"font-size: 14pt;\">TOMA DE REGISTROS<\/span><\/p>\n<p><span style=\"font-size: 14pt;\">En este paso que fu\u00e9 en otra visita, me tomaron los moldes de mi boca,<span class=\"Apple-converted-space\">\u00a0 <\/span>fu\u00e9 una visita corta.<\/span><\/p>\n<p><span style=\"font-size: 14pt;\">Me pidieron una teleradiograf\u00eda lateral de craneo.<\/span><\/p>\n<p>&#x2705;\u00a0<span style=\"font-size: 14pt;\">CLINCHECK 3D<\/span><\/p>\n<p><span style=\"font-size: 14pt;\">Me encant\u00f3 ver en el ordenador todo el tratamiento.<\/span><\/p>\n<p><span style=\"font-size: 14pt;\">Invisalign usa una tecnolog\u00eda que te permite ver todo el proceso de c\u00f3mo ser\u00e1n los micro movimientos que har\u00e1n los dientes, con lo que podr\u00e1s ver el resultado final.<\/span><\/p>\n<p><span style=\"font-size: 14pt;\">Adem\u00e1s la doctora me env\u00edo por mail el acceso a este link privado donde puedo ir viendo mes a mes c\u00f3mo se van moviendo mis dientes con el cambio de alineadores. \u00a1Es incre\u00edble!<\/span><\/p>\n<p>&#x2705;\u00a0<span style=\"font-size: 14pt;\">ALINEADORES<\/span><\/p>\n<p><span style=\"font-size: 14pt;\">Unas semanas despu\u00e9s, ya estaban los alineadores a la cl\u00ednica, es el momento de empezar con el tratamiento.<\/span><\/p>\n<p><span style=\"font-size: 14pt;\">D\u00e9jame decirte que \u201calineadores\u201d son las f\u00e9rulas transparentes extra\u00edbles, como la que te muestro en la imagen de abajo.<\/span><\/p>\n<p>&nbsp;<\/p>\n<p><img decoding=\"async\" class=\"size-medium wp-image-11034 alignright lazyload\" data-src=\"https:\/\/clinicadentalbadalona.com\/wp-content\/uploads\/2018\/07\/docmedia-UllDent-01_V7A9137-300x200.jpg\" alt=\"invsalign baladrona experiencia opiniones\" width=\"300\" height=\"200\" data-srcset=\"https:\/\/clinicadentalbadalona.com\/wp-content\/uploads\/2018\/07\/docmedia-UllDent-01_V7A9137-300x200.jpg 300w, https:\/\/clinicadentalbadalona.com\/wp-content\/uploads\/2018\/07\/docmedia-UllDent-01_V7A9137.jpg 1368w\" data-sizes=\"(max-width: 300px) 100vw, 300px\" src=\"data:image\/svg+xml;base64,PHN2ZyB3aWR0aD0iMSIgaGVpZ2h0PSIxIiB4bWxucz0iaHR0cDovL3d3dy53My5vcmcvMjAwMC9zdmciPjwvc3ZnPg==\" style=\"--smush-placeholder-width: 300px; --smush-placeholder-aspect-ratio: 300\/200;\" \/><\/p>\n<p><span style=\"font-size: 14pt;\">He grabado este v\u00eddeo para el canal de YouTube de Ull Dent para ir complementando los post y poder contar todo con m\u00e1s detalle. (Mira el v\u00eddeo que est\u00e1 a final del post)<\/span><\/p>\n<p><span style=\"font-size: 14pt;\">Tambi\u00e9n en <a href=\"https:\/\/www.instagram.com\/clinica_dental_ulldent\/\">Instagram<\/a>, en las historias destacadas podr\u00e1s encontrar m\u00e1s info que voy contando como paciente. S\u00edguenos en Instagram: @Clinica_dental_ulldent<\/span><\/p>\n<blockquote><p><span style=\"font-size: 14pt;\">Espero que mi testimonio te ayude, pero te invito a pedir cita para que los profesionales sean quienes te asesoren mejor.<\/span><\/p><\/blockquote>\n<p><span style=\"font-size: 14pt;\">De todos modos, si te puedo ayudar a resolver alguna duda simple como paciente, no dudes en comentar este post o escribir por Instagram, Facebook o YouTube que estar\u00e9 atenta.<\/span><\/p>\n<p><span style=\"font-size: 14pt;\">En el pr\u00f3ximo post te contar\u00e9 sobre las primeras sensaciones y m\u00e1s detalles.<\/span><\/p>\n<p><span style=\"font-size: 14pt;\">\u00a1Gracias por acompa\u00f1arme!<\/span><\/p>\n<p>&nbsp;<\/p>\n<p>&nbsp;<\/p>\n<p><iframe width=\"1170\" height=\"658\" data-src=\"https:\/\/www.youtube.com\/embed\/JKsDMTYgMHI?feature=oembed\" frameborder=\"0\" allow=\"accelerometer; autoplay; encrypted-media; gyroscope; picture-in-picture\" allowfullscreen src=\"data:image\/svg+xml;base64,PHN2ZyB3aWR0aD0iMSIgaGVpZ2h0PSIxIiB4bWxucz0iaHR0cDovL3d3dy53My5vcmcvMjAwMC9zdmciPjwvc3ZnPg==\" class=\"lazyload\" data-load-mode=\"1\"><\/iframe><\/p>\n<p>&nbsp;<\/p>\n","protected":false},"excerpt":{"rendered":"<p>\u00a1Hemos invitado a una paciente a que nos cuente su tratamiento de Ortodoncia Invisible Invisalign!\u00a0 Apostamos por los testimonios de nuestros pacientes, nadie te va a contar mejor sobre nosotros, nuestra cl\u00ednica y los tratamientos que los propios pacientes, por eso hemos invitado a Marianela para que nos vaya contando&#8230;<\/p>\n","protected":false},"author":8,"featured_media":11183,"comment_status":"open","ping_status":"open","sticky":false,"template":"","format":"standard","meta":{"_joinchat":[],"footnotes":""},"categories":[10],"tags":[],"class_list":["post-11181","post","type-post","status-publish","format-standard","has-post-thumbnail","hentry","category-noticies"],"yoast_head":"<!-- This site is optimized with the Yoast SEO plugin v26.8 - https:\/\/yoast.com\/product\/yoast-seo-wordpress\/ -->\n<title>Ortodoncia Invisible en Badalona: Experiencia Invisalign - Ull Dent | Cl\u00ednica dental y medicina est\u00e9tica Badalona<\/title>\n<meta name=\"robots\" content=\"index, follow, max-snippet:-1, max-image-preview:large, max-video-preview:-1\" \/>\n<link rel=\"canonical\" href=\"https:\/\/clinicadentalbadalona.com\/ca\/ortodoncia-invisible-badalona-experiencia-opiniones\/\" \/>\n<meta property=\"og:locale\" content=\"ca_ES\" \/>\n<meta property=\"og:type\" content=\"article\" \/>\n<meta property=\"og:title\" content=\"Ortodoncia Invisible en Badalona: Experiencia Invisalign - Ull Dent | Cl\u00ednica dental y medicina est\u00e9tica Badalona\" \/>\n<meta property=\"og:description\" content=\"\u00a1Hemos invitado a una paciente a que nos cuente su tratamiento de Ortodoncia Invisible Invisalign!\u00a0 Apostamos por los testimonios de nuestros pacientes, nadie te va a contar mejor sobre nosotros, nuestra cl\u00ednica y los tratamientos que los propios pacientes, por eso hemos invitado a Marianela para que nos vaya contando...\" \/>\n<meta property=\"og:url\" content=\"https:\/\/clinicadentalbadalona.com\/ortodoncia-invisible-badalona-experiencia-opiniones\/\" \/>\n<meta property=\"og:site_name\" content=\"Ull Dent | Cl\u00ednica dental y medicina est\u00e9tica Badalona\" \/>\n<meta property=\"article:published_time\" content=\"2019-04-15T10:28:27+00:00\" \/>\n<meta property=\"article:modified_time\" content=\"2019-04-15T10:39:04+00:00\" \/>\n<meta property=\"og:image\" content=\"https:\/\/clinicadentalbadalona.com\/wp-content\/uploads\/2019\/04\/INVISALIGN-EXPERIENCIA-BADALONA.jpg\" \/>\n\t<meta property=\"og:image:width\" content=\"1280\" \/>\n\t<meta property=\"og:image:height\" content=\"720\" \/>\n\t<meta property=\"og:image:type\" content=\"image\/jpeg\" \/>\n<meta name=\"author\" content=\"Marianela\" \/>\n<meta name=\"twitter:card\" content=\"summary_large_image\" \/>\n<meta name=\"twitter:label1\" content=\"Escrit per\" \/>\n\t<meta name=\"twitter:data1\" content=\"Marianela\" \/>\n\t<meta name=\"twitter:label2\" content=\"Temps estimat de lectura\" \/>\n\t<meta name=\"twitter:data2\" content=\"4 minuts\" \/>\n<script type=\"application\/ld+json\" class=\"yoast-schema-graph\">{\"@context\":\"https:\/\/schema.org\",\"@graph\":[{\"@type\":\"Article\",\"@id\":\"https:\/\/clinicadentalbadalona.com\/ortodoncia-invisible-badalona-experiencia-opiniones\/#article\",\"isPartOf\":{\"@id\":\"https:\/\/clinicadentalbadalona.com\/ortodoncia-invisible-badalona-experiencia-opiniones\/\"},\"author\":{\"name\":\"Marianela\",\"@id\":\"https:\/\/clinicadentalbadalona.com\/#\/schema\/person\/0fe6577b7989fc26900f706209ae624d\"},\"headline\":\"Ortodoncia Invisible en Badalona: Experiencia Invisalign\",\"datePublished\":\"2019-04-15T10:28:27+00:00\",\"dateModified\":\"2019-04-15T10:39:04+00:00\",\"mainEntityOfPage\":{\"@id\":\"https:\/\/clinicadentalbadalona.com\/ortodoncia-invisible-badalona-experiencia-opiniones\/\"},\"wordCount\":804,\"commentCount\":0,\"publisher\":{\"@id\":\"https:\/\/clinicadentalbadalona.com\/#organization\"},\"image\":{\"@id\":\"https:\/\/clinicadentalbadalona.com\/ortodoncia-invisible-badalona-experiencia-opiniones\/#primaryimage\"},\"thumbnailUrl\":\"https:\/\/clinicadentalbadalona.com\/wp-content\/uploads\/2019\/04\/INVISALIGN-EXPERIENCIA-BADALONA.jpg\",\"articleSection\":[\"Not\u00edcies\"],\"inLanguage\":\"ca\"},{\"@type\":\"WebPage\",\"@id\":\"https:\/\/clinicadentalbadalona.com\/ortodoncia-invisible-badalona-experiencia-opiniones\/\",\"url\":\"https:\/\/clinicadentalbadalona.com\/ortodoncia-invisible-badalona-experiencia-opiniones\/\",\"name\":\"Ortodoncia Invisible en Badalona: Experiencia Invisalign - Ull Dent | Cl\u00ednica dental y medicina est\u00e9tica Badalona\",\"isPartOf\":{\"@id\":\"https:\/\/clinicadentalbadalona.com\/#website\"},\"primaryImageOfPage\":{\"@id\":\"https:\/\/clinicadentalbadalona.com\/ortodoncia-invisible-badalona-experiencia-opiniones\/#primaryimage\"},\"image\":{\"@id\":\"https:\/\/clinicadentalbadalona.com\/ortodoncia-invisible-badalona-experiencia-opiniones\/#primaryimage\"},\"thumbnailUrl\":\"https:\/\/clinicadentalbadalona.com\/wp-content\/uploads\/2019\/04\/INVISALIGN-EXPERIENCIA-BADALONA.jpg\",\"datePublished\":\"2019-04-15T10:28:27+00:00\",\"dateModified\":\"2019-04-15T10:39:04+00:00\",\"breadcrumb\":{\"@id\":\"https:\/\/clinicadentalbadalona.com\/ortodoncia-invisible-badalona-experiencia-opiniones\/#breadcrumb\"},\"inLanguage\":\"ca\",\"potentialAction\":[{\"@type\":\"ReadAction\",\"target\":[\"https:\/\/clinicadentalbadalona.com\/ortodoncia-invisible-badalona-experiencia-opiniones\/\"]}]},{\"@type\":\"ImageObject\",\"inLanguage\":\"ca\",\"@id\":\"https:\/\/clinicadentalbadalona.com\/ortodoncia-invisible-badalona-experiencia-opiniones\/#primaryimage\",\"url\":\"https:\/\/clinicadentalbadalona.com\/wp-content\/uploads\/2019\/04\/INVISALIGN-EXPERIENCIA-BADALONA.jpg\",\"contentUrl\":\"https:\/\/clinicadentalbadalona.com\/wp-content\/uploads\/2019\/04\/INVISALIGN-EXPERIENCIA-BADALONA.jpg\",\"width\":1280,\"height\":720,\"caption\":\"INVISALIGN EXPERIENCIA BADALONA\"},{\"@type\":\"BreadcrumbList\",\"@id\":\"https:\/\/clinicadentalbadalona.com\/ortodoncia-invisible-badalona-experiencia-opiniones\/#breadcrumb\",\"itemListElement\":[{\"@type\":\"ListItem\",\"position\":1,\"name\":\"Portada\",\"item\":\"https:\/\/clinicadentalbadalona.com\/ca\/\"},{\"@type\":\"ListItem\",\"position\":2,\"name\":\"Ortodoncia Invisible en Badalona: Experiencia Invisalign\"}]},{\"@type\":\"WebSite\",\"@id\":\"https:\/\/clinicadentalbadalona.com\/#website\",\"url\":\"https:\/\/clinicadentalbadalona.com\/\",\"name\":\"Ull Dent | Cl\u00ednica dental y medicina est\u00e9tica Badalona\",\"description\":\"Clinica Dental | Dentista Badalona - Implantes dentales Periodoncia avanzada Cirugia Oral Est\u00e9tica Dental Odontolog\u00eda preventiva\",\"publisher\":{\"@id\":\"https:\/\/clinicadentalbadalona.com\/#organization\"},\"potentialAction\":[{\"@type\":\"SearchAction\",\"target\":{\"@type\":\"EntryPoint\",\"urlTemplate\":\"https:\/\/clinicadentalbadalona.com\/?s={search_term_string}\"},\"query-input\":{\"@type\":\"PropertyValueSpecification\",\"valueRequired\":true,\"valueName\":\"search_term_string\"}}],\"inLanguage\":\"ca\"},{\"@type\":\"Organization\",\"@id\":\"https:\/\/clinicadentalbadalona.com\/#organization\",\"name\":\"Ull Dent | Cl\u00ednica dental y medicina est\u00e9tica Badalona\",\"url\":\"https:\/\/clinicadentalbadalona.com\/\",\"logo\":{\"@type\":\"ImageObject\",\"inLanguage\":\"ca\",\"@id\":\"https:\/\/clinicadentalbadalona.com\/#\/schema\/logo\/image\/\",\"url\":\"https:\/\/clinicadentalbadalona.com\/wp-content\/uploads\/2020\/11\/clinicaulldent_logo1color_lq.png\",\"contentUrl\":\"https:\/\/clinicadentalbadalona.com\/wp-content\/uploads\/2020\/11\/clinicaulldent_logo1color_lq.png\",\"width\":1182,\"height\":199,\"caption\":\"Ull Dent | Cl\u00ednica dental y medicina est\u00e9tica Badalona\"},\"image\":{\"@id\":\"https:\/\/clinicadentalbadalona.com\/#\/schema\/logo\/image\/\"}},{\"@type\":\"Person\",\"@id\":\"https:\/\/clinicadentalbadalona.com\/#\/schema\/person\/0fe6577b7989fc26900f706209ae624d\",\"name\":\"Marianela\",\"image\":{\"@type\":\"ImageObject\",\"inLanguage\":\"ca\",\"@id\":\"https:\/\/clinicadentalbadalona.com\/#\/schema\/person\/image\/\",\"url\":\"https:\/\/secure.gravatar.com\/avatar\/1bc3c5940e1f1141f772f859a639aaa1b1e6f7fae05cc6d8a8dd6e5f2b6cf293?s=96&d=mm&r=g\",\"contentUrl\":\"https:\/\/secure.gravatar.com\/avatar\/1bc3c5940e1f1141f772f859a639aaa1b1e6f7fae05cc6d8a8dd6e5f2b6cf293?s=96&d=mm&r=g\",\"caption\":\"Marianela\"},\"url\":\"https:\/\/clinicadentalbadalona.com\/ca\/author\/marianela\/\"}]}<\/script>\n<!-- \/ Yoast SEO plugin. -->","yoast_head_json":{"title":"Ortodoncia Invisible en Badalona: Experiencia Invisalign - Ull Dent | Cl\u00ednica dental y medicina est\u00e9tica Badalona","robots":{"index":"index","follow":"follow","max-snippet":"max-snippet:-1","max-image-preview":"max-image-preview:large","max-video-preview":"max-video-preview:-1"},"canonical":"https:\/\/clinicadentalbadalona.com\/ca\/ortodoncia-invisible-badalona-experiencia-opiniones\/","og_locale":"ca_ES","og_type":"article","og_title":"Ortodoncia Invisible en Badalona: Experiencia Invisalign - Ull Dent | Cl\u00ednica dental y medicina est\u00e9tica Badalona","og_description":"\u00a1Hemos invitado a una paciente a que nos cuente su tratamiento de Ortodoncia Invisible Invisalign!\u00a0 Apostamos por los testimonios de nuestros pacientes, nadie te va a contar mejor sobre nosotros, nuestra cl\u00ednica y los tratamientos que los propios pacientes, por eso hemos invitado a Marianela para que nos vaya contando...","og_url":"https:\/\/clinicadentalbadalona.com\/ortodoncia-invisible-badalona-experiencia-opiniones\/","og_site_name":"Ull Dent | Cl\u00ednica dental y medicina est\u00e9tica Badalona","article_published_time":"2019-04-15T10:28:27+00:00","article_modified_time":"2019-04-15T10:39:04+00:00","og_image":[{"width":1280,"height":720,"url":"https:\/\/clinicadentalbadalona.com\/wp-content\/uploads\/2019\/04\/INVISALIGN-EXPERIENCIA-BADALONA.jpg","type":"image\/jpeg"}],"author":"Marianela","twitter_card":"summary_large_image","twitter_misc":{"Escrit per":"Marianela","Temps estimat de lectura":"4 minuts"},"schema":{"@context":"https:\/\/schema.org","@graph":[{"@type":"Article","@id":"https:\/\/clinicadentalbadalona.com\/ortodoncia-invisible-badalona-experiencia-opiniones\/#article","isPartOf":{"@id":"https:\/\/clinicadentalbadalona.com\/ortodoncia-invisible-badalona-experiencia-opiniones\/"},"author":{"name":"Marianela","@id":"https:\/\/clinicadentalbadalona.com\/#\/schema\/person\/0fe6577b7989fc26900f706209ae624d"},"headline":"Ortodoncia Invisible en Badalona: Experiencia Invisalign","datePublished":"2019-04-15T10:28:27+00:00","dateModified":"2019-04-15T10:39:04+00:00","mainEntityOfPage":{"@id":"https:\/\/clinicadentalbadalona.com\/ortodoncia-invisible-badalona-experiencia-opiniones\/"},"wordCount":804,"commentCount":0,"publisher":{"@id":"https:\/\/clinicadentalbadalona.com\/#organization"},"image":{"@id":"https:\/\/clinicadentalbadalona.com\/ortodoncia-invisible-badalona-experiencia-opiniones\/#primaryimage"},"thumbnailUrl":"https:\/\/clinicadentalbadalona.com\/wp-content\/uploads\/2019\/04\/INVISALIGN-EXPERIENCIA-BADALONA.jpg","articleSection":["Not\u00edcies"],"inLanguage":"ca"},{"@type":"WebPage","@id":"https:\/\/clinicadentalbadalona.com\/ortodoncia-invisible-badalona-experiencia-opiniones\/","url":"https:\/\/clinicadentalbadalona.com\/ortodoncia-invisible-badalona-experiencia-opiniones\/","name":"Ortodoncia Invisible en Badalona: Experiencia Invisalign - Ull Dent | Cl\u00ednica dental y medicina est\u00e9tica Badalona","isPartOf":{"@id":"https:\/\/clinicadentalbadalona.com\/#website"},"primaryImageOfPage":{"@id":"https:\/\/clinicadentalbadalona.com\/ortodoncia-invisible-badalona-experiencia-opiniones\/#primaryimage"},"image":{"@id":"https:\/\/clinicadentalbadalona.com\/ortodoncia-invisible-badalona-experiencia-opiniones\/#primaryimage"},"thumbnailUrl":"https:\/\/clinicadentalbadalona.com\/wp-content\/uploads\/2019\/04\/INVISALIGN-EXPERIENCIA-BADALONA.jpg","datePublished":"2019-04-15T10:28:27+00:00","dateModified":"2019-04-15T10:39:04+00:00","breadcrumb":{"@id":"https:\/\/clinicadentalbadalona.com\/ortodoncia-invisible-badalona-experiencia-opiniones\/#breadcrumb"},"inLanguage":"ca","potentialAction":[{"@type":"ReadAction","target":["https:\/\/clinicadentalbadalona.com\/ortodoncia-invisible-badalona-experiencia-opiniones\/"]}]},{"@type":"ImageObject","inLanguage":"ca","@id":"https:\/\/clinicadentalbadalona.com\/ortodoncia-invisible-badalona-experiencia-opiniones\/#primaryimage","url":"https:\/\/clinicadentalbadalona.com\/wp-content\/uploads\/2019\/04\/INVISALIGN-EXPERIENCIA-BADALONA.jpg","contentUrl":"https:\/\/clinicadentalbadalona.com\/wp-content\/uploads\/2019\/04\/INVISALIGN-EXPERIENCIA-BADALONA.jpg","width":1280,"height":720,"caption":"INVISALIGN EXPERIENCIA BADALONA"},{"@type":"BreadcrumbList","@id":"https:\/\/clinicadentalbadalona.com\/ortodoncia-invisible-badalona-experiencia-opiniones\/#breadcrumb","itemListElement":[{"@type":"ListItem","position":1,"name":"Portada","item":"https:\/\/clinicadentalbadalona.com\/ca\/"},{"@type":"ListItem","position":2,"name":"Ortodoncia Invisible en Badalona: Experiencia Invisalign"}]},{"@type":"WebSite","@id":"https:\/\/clinicadentalbadalona.com\/#website","url":"https:\/\/clinicadentalbadalona.com\/","name":"Ull Dent | Cl\u00ednica dental y medicina est\u00e9tica Badalona","description":"Clinica Dental | Dentista Badalona - Implantes dentales Periodoncia avanzada Cirugia Oral Est\u00e9tica Dental Odontolog\u00eda preventiva","publisher":{"@id":"https:\/\/clinicadentalbadalona.com\/#organization"},"potentialAction":[{"@type":"SearchAction","target":{"@type":"EntryPoint","urlTemplate":"https:\/\/clinicadentalbadalona.com\/?s={search_term_string}"},"query-input":{"@type":"PropertyValueSpecification","valueRequired":true,"valueName":"search_term_string"}}],"inLanguage":"ca"},{"@type":"Organization","@id":"https:\/\/clinicadentalbadalona.com\/#organization","name":"Ull Dent | Cl\u00ednica dental y medicina est\u00e9tica Badalona","url":"https:\/\/clinicadentalbadalona.com\/","logo":{"@type":"ImageObject","inLanguage":"ca","@id":"https:\/\/clinicadentalbadalona.com\/#\/schema\/logo\/image\/","url":"https:\/\/clinicadentalbadalona.com\/wp-content\/uploads\/2020\/11\/clinicaulldent_logo1color_lq.png","contentUrl":"https:\/\/clinicadentalbadalona.com\/wp-content\/uploads\/2020\/11\/clinicaulldent_logo1color_lq.png","width":1182,"height":199,"caption":"Ull Dent | Cl\u00ednica dental y medicina est\u00e9tica Badalona"},"image":{"@id":"https:\/\/clinicadentalbadalona.com\/#\/schema\/logo\/image\/"}},{"@type":"Person","@id":"https:\/\/clinicadentalbadalona.com\/#\/schema\/person\/0fe6577b7989fc26900f706209ae624d","name":"Marianela","image":{"@type":"ImageObject","inLanguage":"ca","@id":"https:\/\/clinicadentalbadalona.com\/#\/schema\/person\/image\/","url":"https:\/\/secure.gravatar.com\/avatar\/1bc3c5940e1f1141f772f859a639aaa1b1e6f7fae05cc6d8a8dd6e5f2b6cf293?s=96&d=mm&r=g","contentUrl":"https:\/\/secure.gravatar.com\/avatar\/1bc3c5940e1f1141f772f859a639aaa1b1e6f7fae05cc6d8a8dd6e5f2b6cf293?s=96&d=mm&r=g","caption":"Marianela"},"url":"https:\/\/clinicadentalbadalona.com\/ca\/author\/marianela\/"}]}},"_links":{"self":[{"href":"https:\/\/clinicadentalbadalona.com\/ca\/wp-json\/wp\/v2\/posts\/11181\/"}],"collection":[{"href":"https:\/\/clinicadentalbadalona.com\/ca\/wp-json\/wp\/v2\/posts\/"}],"about":[{"href":"https:\/\/clinicadentalbadalona.com\/ca\/wp-json\/wp\/v2\/types\/post\/"}],"author":[{"embeddable":true,"href":"https:\/\/clinicadentalbadalona.com\/ca\/wp-json\/wp\/v2\/users\/8\/"}],"replies":[{"embeddable":true,"href":"https:\/\/clinicadentalbadalona.com\/ca\/wp-json\/wp\/v2\/comments\/?post=11181"}],"version-history":[{"count":0,"href":"https:\/\/clinicadentalbadalona.com\/ca\/wp-json\/wp\/v2\/posts\/11181\/revisions\/"}],"wp:featuredmedia":[{"embeddable":true,"href":"https:\/\/clinicadentalbadalona.com\/ca\/wp-json\/wp\/v2\/media\/11183\/"}],"wp:attachment":[{"href":"https:\/\/clinicadentalbadalona.com\/ca\/wp-json\/wp\/v2\/media\/?parent=11181"}],"wp:term":[{"taxonomy":"category","embeddable":true,"href":"https:\/\/clinicadentalbadalona.com\/ca\/wp-json\/wp\/v2\/categories\/?post=11181"},{"taxonomy":"post_tag","embeddable":true,"href":"https:\/\/clinicadentalbadalona.com\/ca\/wp-json\/wp\/v2\/tags\/?post=11181"}],"curies":[{"name":"wp","href":"https:\/\/api.w.org\/{rel}","templated":true}]}}