{"id":9478,"date":"2016-11-24T11:58:32","date_gmt":"2016-11-24T10:58:32","guid":{"rendered":"https:\/\/clinicadentalbadalona.com\/ca\/?p=9478"},"modified":"2017-01-31T12:44:56","modified_gmt":"2017-01-31T11:44:56","slug":"anna-tort-de-ull-dent-convidada-a-un-programa-de-teleb","status":"publish","type":"post","link":"https:\/\/clinicadentalbadalona.com\/ca\/anna-tort-de-ull-dent-convidada-a-un-programa-de-teleb\/","title":{"rendered":"Anna Tort de Ull Dent convidada a un programa de Teleb"},"content":{"rendered":"<p>La Dra. Anna Tort de la Cl\u00ednica est\u00e8tica dental ULL DENT, a Badalona, convidada a Teleb, la televisi\u00f3 de Badalona. En el programa Forum per parlar de com cuidem les nostres boques amb altres odont\u00f2legs i metges estomat\u00f2legs.<\/p>\n<p><iframe id=\"iframe_chapter\" data-src=\"http:\/\/tvbadalona.xiptv.cat\/embed\/238343?width=778&amp;iframe_width=800&amp;share=&amp;height=438&amp;iframe_height=484\" name=\"iframe_chapter\" width=\"800\" height=\"484\" frameborder=\"0\" scrolling=\"no\" src=\"data:image\/svg+xml;base64,PHN2ZyB3aWR0aD0iMSIgaGVpZ2h0PSIxIiB4bWxucz0iaHR0cDovL3d3dy53My5vcmcvMjAwMC9zdmciPjwvc3ZnPg==\" class=\"lazyload\" data-load-mode=\"1\"><\/iframe><\/p>\n<p><img decoding=\"async\" class=\"alignnone size-full wp-image-9 lazyload\" data-src=\"https:\/\/clinicadentalbadalona.com\/wp-content\/uploads\/2016\/02\/favicon.png\" alt=\"favicon\" width=\"32\" height=\"32\" src=\"data:image\/svg+xml;base64,PHN2ZyB3aWR0aD0iMSIgaGVpZ2h0PSIxIiB4bWxucz0iaHR0cDovL3d3dy53My5vcmcvMjAwMC9zdmciPjwvc3ZnPg==\" style=\"--smush-placeholder-width: 32px; --smush-placeholder-aspect-ratio: 32\/32;\" \/><a href=\"https:\/\/clinicadentalbadalona.com\/ca\/lopd\/\" target=\"_blank\">AVIS LOPD<\/a><\/p>\n","protected":false},"excerpt":{"rendered":"<p>La Dra. Anna Tort de la Cl\u00ednica est\u00e8tica dental ULL DENT, a Badalona, convidada a Teleb, la televisi\u00f3 de Badalona. En el programa Forum per parlar de com cuidem les nostres boques amb altres odont\u00f2legs i metges estomat\u00f2legs. AVIS LOPD<\/p>\n","protected":false},"author":1,"featured_media":8683,"comment_status":"open","ping_status":"open","sticky":false,"template":"","format":"standard","meta":{"_joinchat":[],"footnotes":""},"categories":[10],"tags":[],"class_list":["post-9478","post","type-post","status-publish","format-standard","has-post-thumbnail","hentry","category-noticies"],"yoast_head":"<!-- This site is optimized with the Yoast SEO plugin v26.8 - https:\/\/yoast.com\/product\/yoast-seo-wordpress\/ -->\n<title>Convidada Teleb | Ull Dent. Cl\u00ednica de somriures. Cl\u00ednica est\u00e8tica dental<\/title>\n<meta name=\"description\" content=\"La Dra. Anna Tort de la Cl\u00ednica est\u00e8tica dental ULL DENT convidada a Teleb, per parlar de com cuidem les nostres boques amb altres especialistes.\" \/>\n<meta name=\"robots\" content=\"index, follow, max-snippet:-1, max-image-preview:large, max-video-preview:-1\" \/>\n<link rel=\"canonical\" href=\"https:\/\/clinicadentalbadalona.com\/ca\/anna-tort-de-ull-dent-convidada-a-un-programa-de-teleb\/\" \/>\n<meta property=\"og:locale\" content=\"ca_ES\" \/>\n<meta property=\"og:type\" content=\"article\" \/>\n<meta property=\"og:title\" content=\"Convidada Teleb | Ull Dent. Cl\u00ednica de somriures. Cl\u00ednica est\u00e8tica dental\" \/>\n<meta property=\"og:description\" content=\"La Dra. Anna Tort de la Cl\u00ednica est\u00e8tica dental ULL DENT convidada a Teleb, per parlar de com cuidem les nostres boques amb altres especialistes.\" \/>\n<meta property=\"og:url\" content=\"https:\/\/clinicadentalbadalona.com\/ca\/anna-tort-de-ull-dent-convidada-a-un-programa-de-teleb\/\" \/>\n<meta property=\"og:site_name\" content=\"Ull Dent | Cl\u00ednica dental y medicina est\u00e9tica Badalona\" \/>\n<meta property=\"article:published_time\" content=\"2016-11-24T10:58:32+00:00\" \/>\n<meta property=\"article:modified_time\" content=\"2017-01-31T11:44:56+00:00\" \/>\n<meta property=\"og:image\" content=\"https:\/\/clinicadentalbadalona.com\/wp-content\/uploads\/2016\/04\/teleb.png\" \/>\n\t<meta property=\"og:image:width\" content=\"876\" \/>\n\t<meta property=\"og:image:height\" content=\"499\" \/>\n\t<meta property=\"og:image:type\" content=\"image\/png\" \/>\n<meta name=\"author\" content=\"ulldent\" \/>\n<meta name=\"twitter:card\" content=\"summary_large_image\" \/>\n<meta name=\"twitter:label1\" content=\"Escrit per\" \/>\n\t<meta name=\"twitter:data1\" content=\"ulldent\" \/>\n<script type=\"application\/ld+json\" class=\"yoast-schema-graph\">{\"@context\":\"https:\/\/schema.org\",\"@graph\":[{\"@type\":\"Article\",\"@id\":\"https:\/\/clinicadentalbadalona.com\/ca\/anna-tort-de-ull-dent-convidada-a-un-programa-de-teleb\/#article\",\"isPartOf\":{\"@id\":\"https:\/\/clinicadentalbadalona.com\/ca\/anna-tort-de-ull-dent-convidada-a-un-programa-de-teleb\/\"},\"author\":{\"name\":\"ulldent\",\"@id\":\"https:\/\/clinicadentalbadalona.com\/#\/schema\/person\/8874d2858a60a0c1b0ed2c7760d322e1\"},\"headline\":\"Anna Tort de Ull Dent convidada a un programa de Teleb\",\"datePublished\":\"2016-11-24T10:58:32+00:00\",\"dateModified\":\"2017-01-31T11:44:56+00:00\",\"mainEntityOfPage\":{\"@id\":\"https:\/\/clinicadentalbadalona.com\/ca\/anna-tort-de-ull-dent-convidada-a-un-programa-de-teleb\/\"},\"wordCount\":55,\"commentCount\":0,\"publisher\":{\"@id\":\"https:\/\/clinicadentalbadalona.com\/#organization\"},\"image\":{\"@id\":\"https:\/\/clinicadentalbadalona.com\/ca\/anna-tort-de-ull-dent-convidada-a-un-programa-de-teleb\/#primaryimage\"},\"thumbnailUrl\":\"https:\/\/clinicadentalbadalona.com\/wp-content\/uploads\/2016\/04\/teleb.png\",\"articleSection\":[\"Not\u00edcies\"],\"inLanguage\":\"ca\"},{\"@type\":\"WebPage\",\"@id\":\"https:\/\/clinicadentalbadalona.com\/ca\/anna-tort-de-ull-dent-convidada-a-un-programa-de-teleb\/\",\"url\":\"https:\/\/clinicadentalbadalona.com\/ca\/anna-tort-de-ull-dent-convidada-a-un-programa-de-teleb\/\",\"name\":\"Convidada Teleb | Ull Dent. Cl\u00ednica de somriures. Cl\u00ednica est\u00e8tica dental\",\"isPartOf\":{\"@id\":\"https:\/\/clinicadentalbadalona.com\/#website\"},\"primaryImageOfPage\":{\"@id\":\"https:\/\/clinicadentalbadalona.com\/ca\/anna-tort-de-ull-dent-convidada-a-un-programa-de-teleb\/#primaryimage\"},\"image\":{\"@id\":\"https:\/\/clinicadentalbadalona.com\/ca\/anna-tort-de-ull-dent-convidada-a-un-programa-de-teleb\/#primaryimage\"},\"thumbnailUrl\":\"https:\/\/clinicadentalbadalona.com\/wp-content\/uploads\/2016\/04\/teleb.png\",\"datePublished\":\"2016-11-24T10:58:32+00:00\",\"dateModified\":\"2017-01-31T11:44:56+00:00\",\"description\":\"La Dra. Anna Tort de la Cl\u00ednica est\u00e8tica dental ULL DENT convidada a Teleb, per parlar de com cuidem les nostres boques amb altres especialistes.\",\"breadcrumb\":{\"@id\":\"https:\/\/clinicadentalbadalona.com\/ca\/anna-tort-de-ull-dent-convidada-a-un-programa-de-teleb\/#breadcrumb\"},\"inLanguage\":\"ca\",\"potentialAction\":[{\"@type\":\"ReadAction\",\"target\":[\"https:\/\/clinicadentalbadalona.com\/ca\/anna-tort-de-ull-dent-convidada-a-un-programa-de-teleb\/\"]}]},{\"@type\":\"ImageObject\",\"inLanguage\":\"ca\",\"@id\":\"https:\/\/clinicadentalbadalona.com\/ca\/anna-tort-de-ull-dent-convidada-a-un-programa-de-teleb\/#primaryimage\",\"url\":\"https:\/\/clinicadentalbadalona.com\/wp-content\/uploads\/2016\/04\/teleb.png\",\"contentUrl\":\"https:\/\/clinicadentalbadalona.com\/wp-content\/uploads\/2016\/04\/teleb.png\",\"width\":876,\"height\":499},{\"@type\":\"BreadcrumbList\",\"@id\":\"https:\/\/clinicadentalbadalona.com\/ca\/anna-tort-de-ull-dent-convidada-a-un-programa-de-teleb\/#breadcrumb\",\"itemListElement\":[{\"@type\":\"ListItem\",\"position\":1,\"name\":\"Portada\",\"item\":\"https:\/\/clinicadentalbadalona.com\/ca\/\"},{\"@type\":\"ListItem\",\"position\":2,\"name\":\"Anna Tort de Ull Dent convidada a un programa de Teleb\"}]},{\"@type\":\"WebSite\",\"@id\":\"https:\/\/clinicadentalbadalona.com\/#website\",\"url\":\"https:\/\/clinicadentalbadalona.com\/\",\"name\":\"Ull Dent | Cl\u00ednica dental y medicina est\u00e9tica Badalona\",\"description\":\"Clinica Dental | Dentista Badalona - Implantes dentales Periodoncia avanzada Cirugia Oral Est\u00e9tica Dental Odontolog\u00eda preventiva\",\"publisher\":{\"@id\":\"https:\/\/clinicadentalbadalona.com\/#organization\"},\"potentialAction\":[{\"@type\":\"SearchAction\",\"target\":{\"@type\":\"EntryPoint\",\"urlTemplate\":\"https:\/\/clinicadentalbadalona.com\/?s={search_term_string}\"},\"query-input\":{\"@type\":\"PropertyValueSpecification\",\"valueRequired\":true,\"valueName\":\"search_term_string\"}}],\"inLanguage\":\"ca\"},{\"@type\":\"Organization\",\"@id\":\"https:\/\/clinicadentalbadalona.com\/#organization\",\"name\":\"Ull Dent | Cl\u00ednica dental y medicina est\u00e9tica Badalona\",\"url\":\"https:\/\/clinicadentalbadalona.com\/\",\"logo\":{\"@type\":\"ImageObject\",\"inLanguage\":\"ca\",\"@id\":\"https:\/\/clinicadentalbadalona.com\/#\/schema\/logo\/image\/\",\"url\":\"https:\/\/clinicadentalbadalona.com\/wp-content\/uploads\/2020\/11\/clinicaulldent_logo1color_lq.png\",\"contentUrl\":\"https:\/\/clinicadentalbadalona.com\/wp-content\/uploads\/2020\/11\/clinicaulldent_logo1color_lq.png\",\"width\":1182,\"height\":199,\"caption\":\"Ull Dent | Cl\u00ednica dental y medicina est\u00e9tica Badalona\"},\"image\":{\"@id\":\"https:\/\/clinicadentalbadalona.com\/#\/schema\/logo\/image\/\"}},{\"@type\":\"Person\",\"@id\":\"https:\/\/clinicadentalbadalona.com\/#\/schema\/person\/8874d2858a60a0c1b0ed2c7760d322e1\",\"name\":\"ulldent\",\"image\":{\"@type\":\"ImageObject\",\"inLanguage\":\"ca\",\"@id\":\"https:\/\/clinicadentalbadalona.com\/#\/schema\/person\/image\/\",\"url\":\"https:\/\/secure.gravatar.com\/avatar\/5ae80de813c652e9856e7abdcc0d5bc9ff23fd89b223023b5a32ec97090a504c?s=96&d=mm&r=g\",\"contentUrl\":\"https:\/\/secure.gravatar.com\/avatar\/5ae80de813c652e9856e7abdcc0d5bc9ff23fd89b223023b5a32ec97090a504c?s=96&d=mm&r=g\",\"caption\":\"ulldent\"},\"url\":\"https:\/\/clinicadentalbadalona.com\/ca\/author\/ulldent\/\"}]}<\/script>\n<!-- \/ Yoast SEO plugin. -->","yoast_head_json":{"title":"Convidada Teleb | Ull Dent. Cl\u00ednica de somriures. Cl\u00ednica est\u00e8tica dental","description":"La Dra. Anna Tort de la Cl\u00ednica est\u00e8tica dental ULL DENT convidada a Teleb, per parlar de com cuidem les nostres boques amb altres especialistes.","robots":{"index":"index","follow":"follow","max-snippet":"max-snippet:-1","max-image-preview":"max-image-preview:large","max-video-preview":"max-video-preview:-1"},"canonical":"https:\/\/clinicadentalbadalona.com\/ca\/anna-tort-de-ull-dent-convidada-a-un-programa-de-teleb\/","og_locale":"ca_ES","og_type":"article","og_title":"Convidada Teleb | Ull Dent. Cl\u00ednica de somriures. Cl\u00ednica est\u00e8tica dental","og_description":"La Dra. Anna Tort de la Cl\u00ednica est\u00e8tica dental ULL DENT convidada a Teleb, per parlar de com cuidem les nostres boques amb altres especialistes.","og_url":"https:\/\/clinicadentalbadalona.com\/ca\/anna-tort-de-ull-dent-convidada-a-un-programa-de-teleb\/","og_site_name":"Ull Dent | Cl\u00ednica dental y medicina est\u00e9tica Badalona","article_published_time":"2016-11-24T10:58:32+00:00","article_modified_time":"2017-01-31T11:44:56+00:00","og_image":[{"width":876,"height":499,"url":"https:\/\/clinicadentalbadalona.com\/wp-content\/uploads\/2016\/04\/teleb.png","type":"image\/png"}],"author":"ulldent","twitter_card":"summary_large_image","twitter_misc":{"Escrit per":"ulldent"},"schema":{"@context":"https:\/\/schema.org","@graph":[{"@type":"Article","@id":"https:\/\/clinicadentalbadalona.com\/ca\/anna-tort-de-ull-dent-convidada-a-un-programa-de-teleb\/#article","isPartOf":{"@id":"https:\/\/clinicadentalbadalona.com\/ca\/anna-tort-de-ull-dent-convidada-a-un-programa-de-teleb\/"},"author":{"name":"ulldent","@id":"https:\/\/clinicadentalbadalona.com\/#\/schema\/person\/8874d2858a60a0c1b0ed2c7760d322e1"},"headline":"Anna Tort de Ull Dent convidada a un programa de Teleb","datePublished":"2016-11-24T10:58:32+00:00","dateModified":"2017-01-31T11:44:56+00:00","mainEntityOfPage":{"@id":"https:\/\/clinicadentalbadalona.com\/ca\/anna-tort-de-ull-dent-convidada-a-un-programa-de-teleb\/"},"wordCount":55,"commentCount":0,"publisher":{"@id":"https:\/\/clinicadentalbadalona.com\/#organization"},"image":{"@id":"https:\/\/clinicadentalbadalona.com\/ca\/anna-tort-de-ull-dent-convidada-a-un-programa-de-teleb\/#primaryimage"},"thumbnailUrl":"https:\/\/clinicadentalbadalona.com\/wp-content\/uploads\/2016\/04\/teleb.png","articleSection":["Not\u00edcies"],"inLanguage":"ca"},{"@type":"WebPage","@id":"https:\/\/clinicadentalbadalona.com\/ca\/anna-tort-de-ull-dent-convidada-a-un-programa-de-teleb\/","url":"https:\/\/clinicadentalbadalona.com\/ca\/anna-tort-de-ull-dent-convidada-a-un-programa-de-teleb\/","name":"Convidada Teleb | Ull Dent. Cl\u00ednica de somriures. Cl\u00ednica est\u00e8tica dental","isPartOf":{"@id":"https:\/\/clinicadentalbadalona.com\/#website"},"primaryImageOfPage":{"@id":"https:\/\/clinicadentalbadalona.com\/ca\/anna-tort-de-ull-dent-convidada-a-un-programa-de-teleb\/#primaryimage"},"image":{"@id":"https:\/\/clinicadentalbadalona.com\/ca\/anna-tort-de-ull-dent-convidada-a-un-programa-de-teleb\/#primaryimage"},"thumbnailUrl":"https:\/\/clinicadentalbadalona.com\/wp-content\/uploads\/2016\/04\/teleb.png","datePublished":"2016-11-24T10:58:32+00:00","dateModified":"2017-01-31T11:44:56+00:00","description":"La Dra. Anna Tort de la Cl\u00ednica est\u00e8tica dental ULL DENT convidada a Teleb, per parlar de com cuidem les nostres boques amb altres especialistes.","breadcrumb":{"@id":"https:\/\/clinicadentalbadalona.com\/ca\/anna-tort-de-ull-dent-convidada-a-un-programa-de-teleb\/#breadcrumb"},"inLanguage":"ca","potentialAction":[{"@type":"ReadAction","target":["https:\/\/clinicadentalbadalona.com\/ca\/anna-tort-de-ull-dent-convidada-a-un-programa-de-teleb\/"]}]},{"@type":"ImageObject","inLanguage":"ca","@id":"https:\/\/clinicadentalbadalona.com\/ca\/anna-tort-de-ull-dent-convidada-a-un-programa-de-teleb\/#primaryimage","url":"https:\/\/clinicadentalbadalona.com\/wp-content\/uploads\/2016\/04\/teleb.png","contentUrl":"https:\/\/clinicadentalbadalona.com\/wp-content\/uploads\/2016\/04\/teleb.png","width":876,"height":499},{"@type":"BreadcrumbList","@id":"https:\/\/clinicadentalbadalona.com\/ca\/anna-tort-de-ull-dent-convidada-a-un-programa-de-teleb\/#breadcrumb","itemListElement":[{"@type":"ListItem","position":1,"name":"Portada","item":"https:\/\/clinicadentalbadalona.com\/ca\/"},{"@type":"ListItem","position":2,"name":"Anna Tort de Ull Dent convidada a un programa de Teleb"}]},{"@type":"WebSite","@id":"https:\/\/clinicadentalbadalona.com\/#website","url":"https:\/\/clinicadentalbadalona.com\/","name":"Ull Dent | Cl\u00ednica dental y medicina est\u00e9tica Badalona","description":"Clinica Dental | Dentista Badalona - Implantes dentales Periodoncia avanzada Cirugia Oral Est\u00e9tica Dental Odontolog\u00eda preventiva","publisher":{"@id":"https:\/\/clinicadentalbadalona.com\/#organization"},"potentialAction":[{"@type":"SearchAction","target":{"@type":"EntryPoint","urlTemplate":"https:\/\/clinicadentalbadalona.com\/?s={search_term_string}"},"query-input":{"@type":"PropertyValueSpecification","valueRequired":true,"valueName":"search_term_string"}}],"inLanguage":"ca"},{"@type":"Organization","@id":"https:\/\/clinicadentalbadalona.com\/#organization","name":"Ull Dent | Cl\u00ednica dental y medicina est\u00e9tica Badalona","url":"https:\/\/clinicadentalbadalona.com\/","logo":{"@type":"ImageObject","inLanguage":"ca","@id":"https:\/\/clinicadentalbadalona.com\/#\/schema\/logo\/image\/","url":"https:\/\/clinicadentalbadalona.com\/wp-content\/uploads\/2020\/11\/clinicaulldent_logo1color_lq.png","contentUrl":"https:\/\/clinicadentalbadalona.com\/wp-content\/uploads\/2020\/11\/clinicaulldent_logo1color_lq.png","width":1182,"height":199,"caption":"Ull Dent | Cl\u00ednica dental y medicina est\u00e9tica Badalona"},"image":{"@id":"https:\/\/clinicadentalbadalona.com\/#\/schema\/logo\/image\/"}},{"@type":"Person","@id":"https:\/\/clinicadentalbadalona.com\/#\/schema\/person\/8874d2858a60a0c1b0ed2c7760d322e1","name":"ulldent","image":{"@type":"ImageObject","inLanguage":"ca","@id":"https:\/\/clinicadentalbadalona.com\/#\/schema\/person\/image\/","url":"https:\/\/secure.gravatar.com\/avatar\/5ae80de813c652e9856e7abdcc0d5bc9ff23fd89b223023b5a32ec97090a504c?s=96&d=mm&r=g","contentUrl":"https:\/\/secure.gravatar.com\/avatar\/5ae80de813c652e9856e7abdcc0d5bc9ff23fd89b223023b5a32ec97090a504c?s=96&d=mm&r=g","caption":"ulldent"},"url":"https:\/\/clinicadentalbadalona.com\/ca\/author\/ulldent\/"}]}},"_links":{"self":[{"href":"https:\/\/clinicadentalbadalona.com\/ca\/wp-json\/wp\/v2\/posts\/9478\/"}],"collection":[{"href":"https:\/\/clinicadentalbadalona.com\/ca\/wp-json\/wp\/v2\/posts\/"}],"about":[{"href":"https:\/\/clinicadentalbadalona.com\/ca\/wp-json\/wp\/v2\/types\/post\/"}],"author":[{"embeddable":true,"href":"https:\/\/clinicadentalbadalona.com\/ca\/wp-json\/wp\/v2\/users\/1\/"}],"replies":[{"embeddable":true,"href":"https:\/\/clinicadentalbadalona.com\/ca\/wp-json\/wp\/v2\/comments\/?post=9478"}],"version-history":[{"count":0,"href":"https:\/\/clinicadentalbadalona.com\/ca\/wp-json\/wp\/v2\/posts\/9478\/revisions\/"}],"wp:featuredmedia":[{"embeddable":true,"href":"https:\/\/clinicadentalbadalona.com\/ca\/wp-json\/wp\/v2\/media\/8683\/"}],"wp:attachment":[{"href":"https:\/\/clinicadentalbadalona.com\/ca\/wp-json\/wp\/v2\/media\/?parent=9478"}],"wp:term":[{"taxonomy":"category","embeddable":true,"href":"https:\/\/clinicadentalbadalona.com\/ca\/wp-json\/wp\/v2\/categories\/?post=9478"},{"taxonomy":"post_tag","embeddable":true,"href":"https:\/\/clinicadentalbadalona.com\/ca\/wp-json\/wp\/v2\/tags\/?post=9478"}],"curies":[{"name":"wp","href":"https:\/\/api.w.org\/{rel}","templated":true}]}}