{"id":9481,"date":"2016-11-24T12:06:52","date_gmt":"2016-11-24T11:06:52","guid":{"rendered":"https:\/\/clinicadentalbadalona.com\/ca\/?p=9481"},"modified":"2017-01-31T12:44:33","modified_gmt":"2017-01-31T11:44:33","slug":"ulleres-multimedia-zeiss","status":"publish","type":"post","link":"https:\/\/clinicadentalbadalona.com\/ca\/ulleres-multimedia-zeiss\/","title":{"rendered":"Ulleres multim\u00e8dia Zeiss"},"content":{"rendered":"<p>A la Cl\u00ednica est\u00e8tica dental ULL DENT, a Badalona disposem de les ulleres multim\u00e8dia Zeiss, perqu\u00e8 la teva visita al dentista sigui m\u00e9s plaent i menys estressant. Les ulleres disposen d\u2019una pantalla virtual de 45 polzades com si ho estiguessis veient a 2 metres de dist\u00e0ncia. Podr\u00e0s escoltar la teva m\u00fasica preferida, documentals, pel\u00b7l\u00edcules. Relaxant-te i gaudint de la teva visita sense estr\u00e8s, mentre l\u2019equip m\u00e8dic de la Cl\u00ednica est\u00e8tica dental ULL DENT tenim cura de la teva salut dental. Si vols gaudir de l&#8217;experi\u00e8ncia durant la teva visita a Cl\u00ednica est\u00e8tica dental ULL DENT, fes la reserva a recepci\u00f3 quan demanis la teva cita i te les tindrem preparades.<\/p>\n<p><img decoding=\"async\" class=\"alignnone size-full wp-image-9 lazyload\" data-src=\"https:\/\/clinicadentalbadalona.com\/wp-content\/uploads\/2016\/02\/favicon.png\" alt=\"favicon\" width=\"32\" height=\"32\" src=\"data:image\/svg+xml;base64,PHN2ZyB3aWR0aD0iMSIgaGVpZ2h0PSIxIiB4bWxucz0iaHR0cDovL3d3dy53My5vcmcvMjAwMC9zdmciPjwvc3ZnPg==\" style=\"--smush-placeholder-width: 32px; --smush-placeholder-aspect-ratio: 32\/32;\" \/><a href=\"https:\/\/clinicadentalbadalona.com\/ca\/lopd\/\" target=\"_blank\">AVIS LOPD<\/a><\/p>\n","protected":false},"excerpt":{"rendered":"<p>A la Cl\u00ednica est\u00e8tica dental ULL DENT, a Badalona disposem de les ulleres multim\u00e8dia Zeiss, perqu\u00e8 la teva visita al dentista sigui m\u00e9s plaent i menys estressant. Les ulleres disposen d\u2019una pantalla virtual de 45 polzades com si ho estiguessis veient a 2 metres de dist\u00e0ncia. Podr\u00e0s escoltar la teva&#8230;<\/p>\n","protected":false},"author":1,"featured_media":8487,"comment_status":"open","ping_status":"open","sticky":false,"template":"","format":"standard","meta":{"_joinchat":[],"footnotes":""},"categories":[10],"tags":[],"class_list":["post-9481","post","type-post","status-publish","format-standard","has-post-thumbnail","hentry","category-noticies"],"yoast_head":"<!-- This site is optimized with the Yoast SEO plugin v26.8 - https:\/\/yoast.com\/product\/yoast-seo-wordpress\/ -->\n<title>Gafas Zeiss | Ull Dent. Cl\u00ednica de somriures. Cl\u00ednica est\u00e8tica dental<\/title>\n<meta name=\"description\" content=\"A ULL DENT, a Badalona disposem de les ulleres multim\u00e8dia Zeiss. La teva visita ser\u00e0 menys estressant, mentre l\u2019equip m\u00e8dic t\u00e9 cura de la teva salut dental.\" \/>\n<meta name=\"robots\" content=\"index, follow, max-snippet:-1, max-image-preview:large, max-video-preview:-1\" \/>\n<link rel=\"canonical\" href=\"https:\/\/clinicadentalbadalona.com\/ca\/ulleres-multimedia-zeiss\/\" \/>\n<meta property=\"og:locale\" content=\"ca_ES\" \/>\n<meta property=\"og:type\" content=\"article\" \/>\n<meta property=\"og:title\" content=\"Gafas Zeiss | Ull Dent. Cl\u00ednica de somriures. Cl\u00ednica est\u00e8tica dental\" \/>\n<meta property=\"og:description\" content=\"A ULL DENT, a Badalona disposem de les ulleres multim\u00e8dia Zeiss. La teva visita ser\u00e0 menys estressant, mentre l\u2019equip m\u00e8dic t\u00e9 cura de la teva salut dental.\" \/>\n<meta property=\"og:url\" content=\"https:\/\/clinicadentalbadalona.com\/ca\/ulleres-multimedia-zeiss\/\" \/>\n<meta property=\"og:site_name\" content=\"Ull Dent | Cl\u00ednica dental y medicina est\u00e9tica Badalona\" \/>\n<meta property=\"article:published_time\" content=\"2016-11-24T11:06:52+00:00\" \/>\n<meta property=\"article:modified_time\" content=\"2017-01-31T11:44:33+00:00\" \/>\n<meta property=\"og:image\" content=\"https:\/\/clinicadentalbadalona.com\/wp-content\/uploads\/2015\/12\/V_DSC6257.jpg\" \/>\n\t<meta property=\"og:image:width\" content=\"1920\" \/>\n\t<meta property=\"og:image:height\" content=\"1277\" \/>\n\t<meta property=\"og:image:type\" content=\"image\/jpeg\" \/>\n<meta name=\"author\" content=\"ulldent\" \/>\n<meta name=\"twitter:card\" content=\"summary_large_image\" \/>\n<meta name=\"twitter:label1\" content=\"Escrit per\" \/>\n\t<meta name=\"twitter:data1\" content=\"ulldent\" \/>\n\t<meta name=\"twitter:label2\" content=\"Temps estimat de lectura\" \/>\n\t<meta name=\"twitter:data2\" content=\"1 minut\" \/>\n<script type=\"application\/ld+json\" class=\"yoast-schema-graph\">{\"@context\":\"https:\/\/schema.org\",\"@graph\":[{\"@type\":\"Article\",\"@id\":\"https:\/\/clinicadentalbadalona.com\/ca\/ulleres-multimedia-zeiss\/#article\",\"isPartOf\":{\"@id\":\"https:\/\/clinicadentalbadalona.com\/ca\/ulleres-multimedia-zeiss\/\"},\"author\":{\"name\":\"ulldent\",\"@id\":\"https:\/\/clinicadentalbadalona.com\/#\/schema\/person\/8874d2858a60a0c1b0ed2c7760d322e1\"},\"headline\":\"Ulleres multim\u00e8dia Zeiss\",\"datePublished\":\"2016-11-24T11:06:52+00:00\",\"dateModified\":\"2017-01-31T11:44:33+00:00\",\"mainEntityOfPage\":{\"@id\":\"https:\/\/clinicadentalbadalona.com\/ca\/ulleres-multimedia-zeiss\/\"},\"wordCount\":132,\"commentCount\":0,\"publisher\":{\"@id\":\"https:\/\/clinicadentalbadalona.com\/#organization\"},\"image\":{\"@id\":\"https:\/\/clinicadentalbadalona.com\/ca\/ulleres-multimedia-zeiss\/#primaryimage\"},\"thumbnailUrl\":\"https:\/\/clinicadentalbadalona.com\/wp-content\/uploads\/2015\/12\/V_DSC6257.jpg\",\"articleSection\":[\"Not\u00edcies\"],\"inLanguage\":\"ca\"},{\"@type\":\"WebPage\",\"@id\":\"https:\/\/clinicadentalbadalona.com\/ca\/ulleres-multimedia-zeiss\/\",\"url\":\"https:\/\/clinicadentalbadalona.com\/ca\/ulleres-multimedia-zeiss\/\",\"name\":\"Gafas Zeiss | Ull Dent. Cl\u00ednica de somriures. Cl\u00ednica est\u00e8tica dental\",\"isPartOf\":{\"@id\":\"https:\/\/clinicadentalbadalona.com\/#website\"},\"primaryImageOfPage\":{\"@id\":\"https:\/\/clinicadentalbadalona.com\/ca\/ulleres-multimedia-zeiss\/#primaryimage\"},\"image\":{\"@id\":\"https:\/\/clinicadentalbadalona.com\/ca\/ulleres-multimedia-zeiss\/#primaryimage\"},\"thumbnailUrl\":\"https:\/\/clinicadentalbadalona.com\/wp-content\/uploads\/2015\/12\/V_DSC6257.jpg\",\"datePublished\":\"2016-11-24T11:06:52+00:00\",\"dateModified\":\"2017-01-31T11:44:33+00:00\",\"description\":\"A ULL DENT, a Badalona disposem de les ulleres multim\u00e8dia Zeiss. La teva visita ser\u00e0 menys estressant, mentre l\u2019equip m\u00e8dic t\u00e9 cura de la teva salut dental.\",\"breadcrumb\":{\"@id\":\"https:\/\/clinicadentalbadalona.com\/ca\/ulleres-multimedia-zeiss\/#breadcrumb\"},\"inLanguage\":\"ca\",\"potentialAction\":[{\"@type\":\"ReadAction\",\"target\":[\"https:\/\/clinicadentalbadalona.com\/ca\/ulleres-multimedia-zeiss\/\"]}]},{\"@type\":\"ImageObject\",\"inLanguage\":\"ca\",\"@id\":\"https:\/\/clinicadentalbadalona.com\/ca\/ulleres-multimedia-zeiss\/#primaryimage\",\"url\":\"https:\/\/clinicadentalbadalona.com\/wp-content\/uploads\/2015\/12\/V_DSC6257.jpg\",\"contentUrl\":\"https:\/\/clinicadentalbadalona.com\/wp-content\/uploads\/2015\/12\/V_DSC6257.jpg\",\"width\":1920,\"height\":1277},{\"@type\":\"BreadcrumbList\",\"@id\":\"https:\/\/clinicadentalbadalona.com\/ca\/ulleres-multimedia-zeiss\/#breadcrumb\",\"itemListElement\":[{\"@type\":\"ListItem\",\"position\":1,\"name\":\"Portada\",\"item\":\"https:\/\/clinicadentalbadalona.com\/ca\/\"},{\"@type\":\"ListItem\",\"position\":2,\"name\":\"Ulleres multim\u00e8dia Zeiss\"}]},{\"@type\":\"WebSite\",\"@id\":\"https:\/\/clinicadentalbadalona.com\/#website\",\"url\":\"https:\/\/clinicadentalbadalona.com\/\",\"name\":\"Ull Dent | Cl\u00ednica dental y medicina est\u00e9tica Badalona\",\"description\":\"Clinica Dental | Dentista Badalona - Implantes dentales Periodoncia avanzada Cirugia Oral Est\u00e9tica Dental Odontolog\u00eda preventiva\",\"publisher\":{\"@id\":\"https:\/\/clinicadentalbadalona.com\/#organization\"},\"potentialAction\":[{\"@type\":\"SearchAction\",\"target\":{\"@type\":\"EntryPoint\",\"urlTemplate\":\"https:\/\/clinicadentalbadalona.com\/?s={search_term_string}\"},\"query-input\":{\"@type\":\"PropertyValueSpecification\",\"valueRequired\":true,\"valueName\":\"search_term_string\"}}],\"inLanguage\":\"ca\"},{\"@type\":\"Organization\",\"@id\":\"https:\/\/clinicadentalbadalona.com\/#organization\",\"name\":\"Ull Dent | Cl\u00ednica dental y medicina est\u00e9tica Badalona\",\"url\":\"https:\/\/clinicadentalbadalona.com\/\",\"logo\":{\"@type\":\"ImageObject\",\"inLanguage\":\"ca\",\"@id\":\"https:\/\/clinicadentalbadalona.com\/#\/schema\/logo\/image\/\",\"url\":\"https:\/\/clinicadentalbadalona.com\/wp-content\/uploads\/2020\/11\/clinicaulldent_logo1color_lq.png\",\"contentUrl\":\"https:\/\/clinicadentalbadalona.com\/wp-content\/uploads\/2020\/11\/clinicaulldent_logo1color_lq.png\",\"width\":1182,\"height\":199,\"caption\":\"Ull Dent | Cl\u00ednica dental y medicina est\u00e9tica Badalona\"},\"image\":{\"@id\":\"https:\/\/clinicadentalbadalona.com\/#\/schema\/logo\/image\/\"}},{\"@type\":\"Person\",\"@id\":\"https:\/\/clinicadentalbadalona.com\/#\/schema\/person\/8874d2858a60a0c1b0ed2c7760d322e1\",\"name\":\"ulldent\",\"image\":{\"@type\":\"ImageObject\",\"inLanguage\":\"ca\",\"@id\":\"https:\/\/clinicadentalbadalona.com\/#\/schema\/person\/image\/\",\"url\":\"https:\/\/secure.gravatar.com\/avatar\/5ae80de813c652e9856e7abdcc0d5bc9ff23fd89b223023b5a32ec97090a504c?s=96&d=mm&r=g\",\"contentUrl\":\"https:\/\/secure.gravatar.com\/avatar\/5ae80de813c652e9856e7abdcc0d5bc9ff23fd89b223023b5a32ec97090a504c?s=96&d=mm&r=g\",\"caption\":\"ulldent\"},\"url\":\"https:\/\/clinicadentalbadalona.com\/ca\/author\/ulldent\/\"}]}<\/script>\n<!-- \/ Yoast SEO plugin. -->","yoast_head_json":{"title":"Gafas Zeiss | Ull Dent. Cl\u00ednica de somriures. Cl\u00ednica est\u00e8tica dental","description":"A ULL DENT, a Badalona disposem de les ulleres multim\u00e8dia Zeiss. La teva visita ser\u00e0 menys estressant, mentre l\u2019equip m\u00e8dic t\u00e9 cura de la teva salut dental.","robots":{"index":"index","follow":"follow","max-snippet":"max-snippet:-1","max-image-preview":"max-image-preview:large","max-video-preview":"max-video-preview:-1"},"canonical":"https:\/\/clinicadentalbadalona.com\/ca\/ulleres-multimedia-zeiss\/","og_locale":"ca_ES","og_type":"article","og_title":"Gafas Zeiss | Ull Dent. Cl\u00ednica de somriures. Cl\u00ednica est\u00e8tica dental","og_description":"A ULL DENT, a Badalona disposem de les ulleres multim\u00e8dia Zeiss. La teva visita ser\u00e0 menys estressant, mentre l\u2019equip m\u00e8dic t\u00e9 cura de la teva salut dental.","og_url":"https:\/\/clinicadentalbadalona.com\/ca\/ulleres-multimedia-zeiss\/","og_site_name":"Ull Dent | Cl\u00ednica dental y medicina est\u00e9tica Badalona","article_published_time":"2016-11-24T11:06:52+00:00","article_modified_time":"2017-01-31T11:44:33+00:00","og_image":[{"width":1920,"height":1277,"url":"https:\/\/clinicadentalbadalona.com\/wp-content\/uploads\/2015\/12\/V_DSC6257.jpg","type":"image\/jpeg"}],"author":"ulldent","twitter_card":"summary_large_image","twitter_misc":{"Escrit per":"ulldent","Temps estimat de lectura":"1 minut"},"schema":{"@context":"https:\/\/schema.org","@graph":[{"@type":"Article","@id":"https:\/\/clinicadentalbadalona.com\/ca\/ulleres-multimedia-zeiss\/#article","isPartOf":{"@id":"https:\/\/clinicadentalbadalona.com\/ca\/ulleres-multimedia-zeiss\/"},"author":{"name":"ulldent","@id":"https:\/\/clinicadentalbadalona.com\/#\/schema\/person\/8874d2858a60a0c1b0ed2c7760d322e1"},"headline":"Ulleres multim\u00e8dia Zeiss","datePublished":"2016-11-24T11:06:52+00:00","dateModified":"2017-01-31T11:44:33+00:00","mainEntityOfPage":{"@id":"https:\/\/clinicadentalbadalona.com\/ca\/ulleres-multimedia-zeiss\/"},"wordCount":132,"commentCount":0,"publisher":{"@id":"https:\/\/clinicadentalbadalona.com\/#organization"},"image":{"@id":"https:\/\/clinicadentalbadalona.com\/ca\/ulleres-multimedia-zeiss\/#primaryimage"},"thumbnailUrl":"https:\/\/clinicadentalbadalona.com\/wp-content\/uploads\/2015\/12\/V_DSC6257.jpg","articleSection":["Not\u00edcies"],"inLanguage":"ca"},{"@type":"WebPage","@id":"https:\/\/clinicadentalbadalona.com\/ca\/ulleres-multimedia-zeiss\/","url":"https:\/\/clinicadentalbadalona.com\/ca\/ulleres-multimedia-zeiss\/","name":"Gafas Zeiss | Ull Dent. Cl\u00ednica de somriures. Cl\u00ednica est\u00e8tica dental","isPartOf":{"@id":"https:\/\/clinicadentalbadalona.com\/#website"},"primaryImageOfPage":{"@id":"https:\/\/clinicadentalbadalona.com\/ca\/ulleres-multimedia-zeiss\/#primaryimage"},"image":{"@id":"https:\/\/clinicadentalbadalona.com\/ca\/ulleres-multimedia-zeiss\/#primaryimage"},"thumbnailUrl":"https:\/\/clinicadentalbadalona.com\/wp-content\/uploads\/2015\/12\/V_DSC6257.jpg","datePublished":"2016-11-24T11:06:52+00:00","dateModified":"2017-01-31T11:44:33+00:00","description":"A ULL DENT, a Badalona disposem de les ulleres multim\u00e8dia Zeiss. La teva visita ser\u00e0 menys estressant, mentre l\u2019equip m\u00e8dic t\u00e9 cura de la teva salut dental.","breadcrumb":{"@id":"https:\/\/clinicadentalbadalona.com\/ca\/ulleres-multimedia-zeiss\/#breadcrumb"},"inLanguage":"ca","potentialAction":[{"@type":"ReadAction","target":["https:\/\/clinicadentalbadalona.com\/ca\/ulleres-multimedia-zeiss\/"]}]},{"@type":"ImageObject","inLanguage":"ca","@id":"https:\/\/clinicadentalbadalona.com\/ca\/ulleres-multimedia-zeiss\/#primaryimage","url":"https:\/\/clinicadentalbadalona.com\/wp-content\/uploads\/2015\/12\/V_DSC6257.jpg","contentUrl":"https:\/\/clinicadentalbadalona.com\/wp-content\/uploads\/2015\/12\/V_DSC6257.jpg","width":1920,"height":1277},{"@type":"BreadcrumbList","@id":"https:\/\/clinicadentalbadalona.com\/ca\/ulleres-multimedia-zeiss\/#breadcrumb","itemListElement":[{"@type":"ListItem","position":1,"name":"Portada","item":"https:\/\/clinicadentalbadalona.com\/ca\/"},{"@type":"ListItem","position":2,"name":"Ulleres multim\u00e8dia Zeiss"}]},{"@type":"WebSite","@id":"https:\/\/clinicadentalbadalona.com\/#website","url":"https:\/\/clinicadentalbadalona.com\/","name":"Ull Dent | Cl\u00ednica dental y medicina est\u00e9tica Badalona","description":"Clinica Dental | Dentista Badalona - Implantes dentales Periodoncia avanzada Cirugia Oral Est\u00e9tica Dental Odontolog\u00eda preventiva","publisher":{"@id":"https:\/\/clinicadentalbadalona.com\/#organization"},"potentialAction":[{"@type":"SearchAction","target":{"@type":"EntryPoint","urlTemplate":"https:\/\/clinicadentalbadalona.com\/?s={search_term_string}"},"query-input":{"@type":"PropertyValueSpecification","valueRequired":true,"valueName":"search_term_string"}}],"inLanguage":"ca"},{"@type":"Organization","@id":"https:\/\/clinicadentalbadalona.com\/#organization","name":"Ull Dent | Cl\u00ednica dental y medicina est\u00e9tica Badalona","url":"https:\/\/clinicadentalbadalona.com\/","logo":{"@type":"ImageObject","inLanguage":"ca","@id":"https:\/\/clinicadentalbadalona.com\/#\/schema\/logo\/image\/","url":"https:\/\/clinicadentalbadalona.com\/wp-content\/uploads\/2020\/11\/clinicaulldent_logo1color_lq.png","contentUrl":"https:\/\/clinicadentalbadalona.com\/wp-content\/uploads\/2020\/11\/clinicaulldent_logo1color_lq.png","width":1182,"height":199,"caption":"Ull Dent | Cl\u00ednica dental y medicina est\u00e9tica Badalona"},"image":{"@id":"https:\/\/clinicadentalbadalona.com\/#\/schema\/logo\/image\/"}},{"@type":"Person","@id":"https:\/\/clinicadentalbadalona.com\/#\/schema\/person\/8874d2858a60a0c1b0ed2c7760d322e1","name":"ulldent","image":{"@type":"ImageObject","inLanguage":"ca","@id":"https:\/\/clinicadentalbadalona.com\/#\/schema\/person\/image\/","url":"https:\/\/secure.gravatar.com\/avatar\/5ae80de813c652e9856e7abdcc0d5bc9ff23fd89b223023b5a32ec97090a504c?s=96&d=mm&r=g","contentUrl":"https:\/\/secure.gravatar.com\/avatar\/5ae80de813c652e9856e7abdcc0d5bc9ff23fd89b223023b5a32ec97090a504c?s=96&d=mm&r=g","caption":"ulldent"},"url":"https:\/\/clinicadentalbadalona.com\/ca\/author\/ulldent\/"}]}},"_links":{"self":[{"href":"https:\/\/clinicadentalbadalona.com\/ca\/wp-json\/wp\/v2\/posts\/9481\/"}],"collection":[{"href":"https:\/\/clinicadentalbadalona.com\/ca\/wp-json\/wp\/v2\/posts\/"}],"about":[{"href":"https:\/\/clinicadentalbadalona.com\/ca\/wp-json\/wp\/v2\/types\/post\/"}],"author":[{"embeddable":true,"href":"https:\/\/clinicadentalbadalona.com\/ca\/wp-json\/wp\/v2\/users\/1\/"}],"replies":[{"embeddable":true,"href":"https:\/\/clinicadentalbadalona.com\/ca\/wp-json\/wp\/v2\/comments\/?post=9481"}],"version-history":[{"count":0,"href":"https:\/\/clinicadentalbadalona.com\/ca\/wp-json\/wp\/v2\/posts\/9481\/revisions\/"}],"wp:featuredmedia":[{"embeddable":true,"href":"https:\/\/clinicadentalbadalona.com\/ca\/wp-json\/wp\/v2\/media\/8487\/"}],"wp:attachment":[{"href":"https:\/\/clinicadentalbadalona.com\/ca\/wp-json\/wp\/v2\/media\/?parent=9481"}],"wp:term":[{"taxonomy":"category","embeddable":true,"href":"https:\/\/clinicadentalbadalona.com\/ca\/wp-json\/wp\/v2\/categories\/?post=9481"},{"taxonomy":"post_tag","embeddable":true,"href":"https:\/\/clinicadentalbadalona.com\/ca\/wp-json\/wp\/v2\/tags\/?post=9481"}],"curies":[{"name":"wp","href":"https:\/\/api.w.org\/{rel}","templated":true}]}}